{"id":3085,"date":"2016-07-13T16:24:40","date_gmt":"2016-07-13T16:24:40","guid":{"rendered":"https:\/\/fundaciograduatssocials.com\/2016\/07\/13\/pla-de-lluita-contra-la-precarietat-en-el-treball-i-estimuls-per-al-creixement-economic-05-07-2016\/"},"modified":"2016-07-13T16:24:40","modified_gmt":"2016-07-13T16:24:40","slug":"pla-de-lluita-contra-la-precarietat-en-el-treball-i-estimuls-per-al-creixement-economic-05-07-2016","status":"publish","type":"post","link":"https:\/\/fundaciograduatssocials.com\/ca\/2016\/07\/13\/pla-de-lluita-contra-la-precarietat-en-el-treball-i-estimuls-per-al-creixement-economic-05-07-2016\/","title":{"rendered":"PLA DE LLUITA CONTRA LA PRECARIETAT EN EL TREBALL I EST\u00cdMULS PER Al CREIXEMENT ECON\u00d2MIC.  05\/07\/2016"},"content":{"rendered":"<p>Se abusa de la temporalidad, nueve de cada diez contratos son temporales, nuestro objetivo es reducir este porcentaje, \u00a0se\u00f1al\u00f3 el Conseller de Trabajo, Iago Negueruela.<\/p>\n<p><!--more--><\/p>\n<p>Los Graduados Sociales han participado en una charla\u00a0 informativa versada en el plan de lucha para\u00a0 fomentar la ocupaci\u00f3n\u00a0 y el crecimiento econ\u00f3mico, impartida por el\u00a0\u00a0<span class=\"texto14\">Conseller de Treball, Comer\u00e7 i Ind\u00fastria,\u00a0 Iago Neguerueala\u00a0<\/span>y la Directora General de Treball, Economia Social i Salut Laboral, Isabel Castro.<\/p>\n<p>A lo largo de la sesi\u00f3n se inform\u00f3 sobre las ayudas y subvenciones que la Conselleria\u00a0 ha puesto en marcha, dirigidas fundamentalmente a las empresas y a los aut\u00f3nomos, estos incentivos dan prioridad a la contrataci\u00f3n indefinida y a la ocupaci\u00f3n de calidad.<\/p>\n<p>La Conselleria de Trabajo considera\u00a0 esencial difundir entre el colectivo de Graduados Sociales los criterios y objetivos del Plan de Lucha contra la Precariedad en el Trabajo, puesto que representan a\u00a0 m\u00e1s del 80 por ciento de las peque\u00f1as y medianas empresas de la Islas Baleares.<\/p>\n","protected":false},"excerpt":{"rendered":"<p>Se abusa de la temporalidad, nueve de cada diez contratos son temporales, nuestro objetivo es reducir este porcentaje, \u00a0se\u00f1al\u00f3 el Conseller de Trabajo, Iago Negueruela.<\/p>\n","protected":false},"author":2,"featured_media":3061,"comment_status":"open","ping_status":"open","sticky":false,"template":"","format":"standard","meta":{"footnotes":""},"categories":[20],"tags":[],"class_list":["post-3085","post","type-post","status-publish","format-standard","has-post-thumbnail","hentry","category-noticies-fundacio"],"_links":{"self":[{"href":"https:\/\/fundaciograduatssocials.com\/ca\/wp-json\/wp\/v2\/posts\/3085","targetHints":{"allow":["GET"]}}],"collection":[{"href":"https:\/\/fundaciograduatssocials.com\/ca\/wp-json\/wp\/v2\/posts"}],"about":[{"href":"https:\/\/fundaciograduatssocials.com\/ca\/wp-json\/wp\/v2\/types\/post"}],"author":[{"embeddable":true,"href":"https:\/\/fundaciograduatssocials.com\/ca\/wp-json\/wp\/v2\/users\/2"}],"replies":[{"embeddable":true,"href":"https:\/\/fundaciograduatssocials.com\/ca\/wp-json\/wp\/v2\/comments?post=3085"}],"version-history":[{"count":0,"href":"https:\/\/fundaciograduatssocials.com\/ca\/wp-json\/wp\/v2\/posts\/3085\/revisions"}],"wp:featuredmedia":[{"embeddable":true,"href":"https:\/\/fundaciograduatssocials.com\/ca\/wp-json\/wp\/v2\/media\/3061"}],"wp:attachment":[{"href":"https:\/\/fundaciograduatssocials.com\/ca\/wp-json\/wp\/v2\/media?parent=3085"}],"wp:term":[{"taxonomy":"category","embeddable":true,"href":"https:\/\/fundaciograduatssocials.com\/ca\/wp-json\/wp\/v2\/categories?post=3085"},{"taxonomy":"post_tag","embeddable":true,"href":"https:\/\/fundaciograduatssocials.com\/ca\/wp-json\/wp\/v2\/tags?post=3085"}],"curies":[{"name":"wp","href":"https:\/\/api.w.org\/{rel}","templated":true}]}}