{"id":3088,"date":"2024-06-13T07:56:42","date_gmt":"2024-06-13T07:56:42","guid":{"rendered":"https:\/\/fundaciograduatssocials.com\/2024\/06\/13\/reunio-del-patronat-de-la-fundacio-de-graduats-socials-de-balears\/"},"modified":"2024-06-13T07:56:42","modified_gmt":"2024-06-13T07:56:42","slug":"reunio-del-patronat-de-la-fundacio-de-graduats-socials-de-balears","status":"publish","type":"post","link":"https:\/\/fundaciograduatssocials.com\/ca\/2024\/06\/13\/reunio-del-patronat-de-la-fundacio-de-graduats-socials-de-balears\/","title":{"rendered":"Reuni\u00f3 del Patronat de la Fundaci\u00f3 de Graduats Socials de Balears"},"content":{"rendered":"<p>El dimarts 11 de juny es va celebrar la reuni\u00f3 semestral del Patronat de la Fundaci\u00f3 de Graduats Socials de les Illes Balears a la seu col\u00b7legial. Aquesta trobada, caracteritzada per un ambient cordial i productiu, va comptar amb la participaci\u00f3 activa dels membres del Patronat.<\/p>\n<p>A la sessi\u00f3 ordin\u00e0ria van estar presents la Presidenta, Merc\u00e8 Garc\u00eda; les Vicepresidentes, Adela Soriano i Francisca Rufiandis; els Vocals, Catalina Zafra i Esther Blanc; el Tresorer, Federico Hermosel; el Secretari General, Daniel Ruiz; el comptable, Miguel \u00c1ngel Cantallops, i els expresidents, Apol\u00b7l\u00f2nia M\u00aa Juli\u00e0 i Enrique, Francisco Navarro i Carlos Blanco. Van assistir de forma online, els vocals Johanny Rodr\u00edguez i Remigi Gorn\u00e9s.<\/p>\n<p>Durant la reuni\u00f3 es van tractar diversos punts importants com el nomenament i acceptaci\u00f3 de nous patrons; la constituci\u00f3 de la nova Comissi\u00f3 Executiva i es va dur a terme l&#8217;aprovaci\u00f3 dels comptes anuals de l&#8217;exercici 2023.<\/p>\n","protected":false},"excerpt":{"rendered":"<p>El dimarts 11 de juny es va celebrar la reuni\u00f3 semestral del Patronat de la Fundaci\u00f3 de Graduats Socials de les Illes Balears a la seu col\u00b7legial. Aquesta trobada, caracteritzada per un ambient cordial i productiu, va comptar amb la participaci\u00f3 activa dels membres del Patronat. A la sessi\u00f3 ordin\u00e0ria van estar presents la Presidenta, [&hellip;]<\/p>\n","protected":false},"author":2,"featured_media":2965,"comment_status":"open","ping_status":"open","sticky":false,"template":"","format":"standard","meta":{"footnotes":""},"categories":[20],"tags":[],"class_list":["post-3088","post","type-post","status-publish","format-standard","has-post-thumbnail","hentry","category-noticies-fundacio"],"_links":{"self":[{"href":"https:\/\/fundaciograduatssocials.com\/ca\/wp-json\/wp\/v2\/posts\/3088","targetHints":{"allow":["GET"]}}],"collection":[{"href":"https:\/\/fundaciograduatssocials.com\/ca\/wp-json\/wp\/v2\/posts"}],"about":[{"href":"https:\/\/fundaciograduatssocials.com\/ca\/wp-json\/wp\/v2\/types\/post"}],"author":[{"embeddable":true,"href":"https:\/\/fundaciograduatssocials.com\/ca\/wp-json\/wp\/v2\/users\/2"}],"replies":[{"embeddable":true,"href":"https:\/\/fundaciograduatssocials.com\/ca\/wp-json\/wp\/v2\/comments?post=3088"}],"version-history":[{"count":0,"href":"https:\/\/fundaciograduatssocials.com\/ca\/wp-json\/wp\/v2\/posts\/3088\/revisions"}],"wp:featuredmedia":[{"embeddable":true,"href":"https:\/\/fundaciograduatssocials.com\/ca\/wp-json\/wp\/v2\/media\/2965"}],"wp:attachment":[{"href":"https:\/\/fundaciograduatssocials.com\/ca\/wp-json\/wp\/v2\/media?parent=3088"}],"wp:term":[{"taxonomy":"category","embeddable":true,"href":"https:\/\/fundaciograduatssocials.com\/ca\/wp-json\/wp\/v2\/categories?post=3088"},{"taxonomy":"post_tag","embeddable":true,"href":"https:\/\/fundaciograduatssocials.com\/ca\/wp-json\/wp\/v2\/tags?post=3088"}],"curies":[{"name":"wp","href":"https:\/\/api.w.org\/{rel}","templated":true}]}}