{"id":3089,"date":"2023-12-05T14:19:38","date_gmt":"2023-12-05T14:19:38","guid":{"rendered":"https:\/\/fundaciograduatssocials.com\/2023\/12\/05\/reunion-semestral-del-patronato-de-la-fundacion-de-graduats-socials-de-balears\/"},"modified":"2023-12-05T14:19:38","modified_gmt":"2023-12-05T14:19:38","slug":"reunion-semestral-del-patronato-de-la-fundacion-de-graduats-socials-de-balears","status":"publish","type":"post","link":"https:\/\/fundaciograduatssocials.com\/ca\/2023\/12\/05\/reunion-semestral-del-patronato-de-la-fundacion-de-graduats-socials-de-balears\/","title":{"rendered":"Reuni\u00f3n semestral del Patronato de la Fundaci\u00f3n de Graduats Socials de Balears"},"content":{"rendered":"<p>El viernes 1 de diciembre se celebr\u00f3 la reuni\u00f3n semestral del Patronato de la Fundaci\u00f3 de Graduats Socials de les Illes Balears en la sede colegial. Este encuentro, caracterizado por su ambiente cordial y productivo, cont\u00f3 con la participaci\u00f3n activa de destacados miembros del Patronato.<\/p>\n<p>En la reuni\u00f3n estuvieron presentes la Presidenta, Apol\u00b7l\u00f2nia M\u00aa Juli\u00e0; las Vicepresidentas Maria Gracia Matas y Merc\u00e8 Garc\u00eda; los Vocales Daniel Ruiz y Francisca Rufiandis; el Tesorero, Federico Hermosel; el Secretario General, Pedro Mir; Jaume Sitjar y Javier Bonet.<\/p>\n<p>Este evento, que se llev\u00f3 a cabo tanto de manera presencial como por videollamada, sirvi\u00f3 para reafirmar el compromiso de la Fundaci\u00f3 de Graduats Socials de Illes Balears con la transparencia y la excelencia en la gesti\u00f3n, consolidando su posici\u00f3n como referentes en el \u00e1mbito de los graduados sociales en las islas.<\/p>\n","protected":false},"excerpt":{"rendered":"<p>El viernes 1 de diciembre se celebr\u00f3 la reuni\u00f3n semestral del Patronato de la Fundaci\u00f3 de Graduats Socials de les Illes Balears en la sede colegial. Este encuentro, caracterizado por su ambiente cordial y productivo, cont\u00f3 con la participaci\u00f3n activa de destacados miembros del Patronato. En la reuni\u00f3n estuvieron presentes la Presidenta, Apol\u00b7l\u00f2nia M\u00aa Juli\u00e0; [&hellip;]<\/p>\n","protected":false},"author":2,"featured_media":2947,"comment_status":"open","ping_status":"open","sticky":false,"template":"","format":"standard","meta":{"footnotes":""},"categories":[20],"tags":[],"class_list":["post-3089","post","type-post","status-publish","format-standard","has-post-thumbnail","hentry","category-noticies-fundacio"],"_links":{"self":[{"href":"https:\/\/fundaciograduatssocials.com\/ca\/wp-json\/wp\/v2\/posts\/3089","targetHints":{"allow":["GET"]}}],"collection":[{"href":"https:\/\/fundaciograduatssocials.com\/ca\/wp-json\/wp\/v2\/posts"}],"about":[{"href":"https:\/\/fundaciograduatssocials.com\/ca\/wp-json\/wp\/v2\/types\/post"}],"author":[{"embeddable":true,"href":"https:\/\/fundaciograduatssocials.com\/ca\/wp-json\/wp\/v2\/users\/2"}],"replies":[{"embeddable":true,"href":"https:\/\/fundaciograduatssocials.com\/ca\/wp-json\/wp\/v2\/comments?post=3089"}],"version-history":[{"count":0,"href":"https:\/\/fundaciograduatssocials.com\/ca\/wp-json\/wp\/v2\/posts\/3089\/revisions"}],"wp:featuredmedia":[{"embeddable":true,"href":"https:\/\/fundaciograduatssocials.com\/ca\/wp-json\/wp\/v2\/media\/2947"}],"wp:attachment":[{"href":"https:\/\/fundaciograduatssocials.com\/ca\/wp-json\/wp\/v2\/media?parent=3089"}],"wp:term":[{"taxonomy":"category","embeddable":true,"href":"https:\/\/fundaciograduatssocials.com\/ca\/wp-json\/wp\/v2\/categories?post=3089"},{"taxonomy":"post_tag","embeddable":true,"href":"https:\/\/fundaciograduatssocials.com\/ca\/wp-json\/wp\/v2\/tags?post=3089"}],"curies":[{"name":"wp","href":"https:\/\/api.w.org\/{rel}","templated":true}]}}