{"id":3091,"date":"2022-06-13T13:14:38","date_gmt":"2022-06-13T13:14:38","guid":{"rendered":"https:\/\/fundaciograduatssocials.com\/2022\/06\/13\/15-de-juny-jornada-de-portes-obertes-sobre-el-servei-dorientacio-gratuit-en-materia-digualtat\/"},"modified":"2022-06-13T13:14:38","modified_gmt":"2022-06-13T13:14:38","slug":"15-de-juny-jornada-de-portes-obertes-sobre-el-servei-dorientacio-gratuit-en-materia-digualtat","status":"publish","type":"post","link":"https:\/\/fundaciograduatssocials.com\/ca\/2022\/06\/13\/15-de-juny-jornada-de-portes-obertes-sobre-el-servei-dorientacio-gratuit-en-materia-digualtat\/","title":{"rendered":"15 de Juny, Jornada de Portes Obertes sobre el Servei d&#8217;Orientaci\u00f3 Gratu\u00eft en mat\u00e8ria d&#8217;Igualtat"},"content":{"rendered":"<p>La Fundaci\u00f3 Graduats Socials de Balears, en col\u00b7laboraci\u00f3 amb la Conselleria de Model Econ\u00f2mic i Treball, ha ampliat el seu servei d&#8217;orientaci\u00f3 gratu\u00eft a mat\u00e8ria d&#8217;Igualtat.<\/p>\n<p>Un pas m\u00e9s enll\u00e0 perqu\u00e8 persones treballadores i empreses puguin comptar amb l&#8217;assessorament del Col\u00b7lectiu de Graduats Socials, m\u00e0xims especialistes en Laboral i Seguretat Social, per a ajudar-los en un doble objectiu: que les dones puguin aconseguir la igualtat en els seus treballs i recolzar a les empreses a implementar un pla que garanteixi les mateixes oportunitats.<\/p>\n<p>Aquest Dimecres, 15 de Juny de 2022, de 10.00 a 13.00 h, organitzem una Jornada de Portes Obertes en la Seu Col\u00b7legial (Carrer Parellades 12-A) per a brindar l&#8217;oportunitat a totes aquelles persones treballadores i entitats que vulguin venir a informar-se sobre com aconseguir l&#8217;equilibri en l&#8217;entorn laboral.<\/p>\n<p>Els esperem.<\/p>\n","protected":false},"excerpt":{"rendered":"<p>La Fundaci\u00f3 Graduats Socials de Balears, en col\u00b7laboraci\u00f3 amb la Conselleria de Model Econ\u00f2mic i Treball, ha ampliat el seu servei d&#8217;orientaci\u00f3 gratu\u00eft a mat\u00e8ria d&#8217;Igualtat. Un pas m\u00e9s enll\u00e0 perqu\u00e8 persones treballadores i empreses puguin comptar amb l&#8217;assessorament del Col\u00b7lectiu de Graduats Socials, m\u00e0xims especialistes en Laboral i Seguretat Social, per a ajudar-los en [&hellip;]<\/p>\n","protected":false},"author":2,"featured_media":2972,"comment_status":"open","ping_status":"open","sticky":false,"template":"","format":"standard","meta":{"footnotes":""},"categories":[20],"tags":[],"class_list":["post-3091","post","type-post","status-publish","format-standard","has-post-thumbnail","hentry","category-noticies-fundacio"],"_links":{"self":[{"href":"https:\/\/fundaciograduatssocials.com\/ca\/wp-json\/wp\/v2\/posts\/3091","targetHints":{"allow":["GET"]}}],"collection":[{"href":"https:\/\/fundaciograduatssocials.com\/ca\/wp-json\/wp\/v2\/posts"}],"about":[{"href":"https:\/\/fundaciograduatssocials.com\/ca\/wp-json\/wp\/v2\/types\/post"}],"author":[{"embeddable":true,"href":"https:\/\/fundaciograduatssocials.com\/ca\/wp-json\/wp\/v2\/users\/2"}],"replies":[{"embeddable":true,"href":"https:\/\/fundaciograduatssocials.com\/ca\/wp-json\/wp\/v2\/comments?post=3091"}],"version-history":[{"count":0,"href":"https:\/\/fundaciograduatssocials.com\/ca\/wp-json\/wp\/v2\/posts\/3091\/revisions"}],"wp:featuredmedia":[{"embeddable":true,"href":"https:\/\/fundaciograduatssocials.com\/ca\/wp-json\/wp\/v2\/media\/2972"}],"wp:attachment":[{"href":"https:\/\/fundaciograduatssocials.com\/ca\/wp-json\/wp\/v2\/media?parent=3091"}],"wp:term":[{"taxonomy":"category","embeddable":true,"href":"https:\/\/fundaciograduatssocials.com\/ca\/wp-json\/wp\/v2\/categories?post=3091"},{"taxonomy":"post_tag","embeddable":true,"href":"https:\/\/fundaciograduatssocials.com\/ca\/wp-json\/wp\/v2\/tags?post=3091"}],"curies":[{"name":"wp","href":"https:\/\/api.w.org\/{rel}","templated":true}]}}