{"id":3095,"date":"2023-06-15T11:33:55","date_gmt":"2023-06-15T11:33:55","guid":{"rendered":"https:\/\/fundaciograduatssocials.com\/2023\/06\/15\/reunio-semestral-del-patronat-de-la-fundacio-de-graduats-socials-de-balears\/"},"modified":"2023-06-15T11:33:55","modified_gmt":"2023-06-15T11:33:55","slug":"reunio-semestral-del-patronat-de-la-fundacio-de-graduats-socials-de-balears","status":"publish","type":"post","link":"https:\/\/fundaciograduatssocials.com\/ca\/2023\/06\/15\/reunio-semestral-del-patronat-de-la-fundacio-de-graduats-socials-de-balears\/","title":{"rendered":"Reuni\u00f3 semestral del Patronat de la Fundaci\u00f3 de Graduats Socials de Balears"},"content":{"rendered":"<p>El dimarts, 13 de juny, va tenir lloc la reuni\u00f3 semestral del Patronat de la Fundaci\u00f3 de Graduats Socials de Balears a la seu col\u00b7legial. Durant aquesta trobada, es va dur a terme l&#8217;aprovaci\u00f3 dels comptes anuals corresponents a l&#8217;exercici 2022.<\/p>\n<p>La reuni\u00f3, que va transc\u00f3rrer en un ambient cordial i productiu, va comptar amb la participaci\u00f3 activa dels membres del Patronat. Es van analitzar detalladament els informes financers i els estats de comptes de l&#8217;any passat, destacant els \u00e8xits i els reptes als quals s&#8217;enfrontaren.<\/p>\n<p>Amb l&#8217;aprovaci\u00f3 dels comptes anuals de l&#8217;exercici 2022, la Fundaci\u00f3 de Graduats Socials de Balears reforcen el seu comprom\u00eds amb la transpar\u00e8ncia i l&#8217;excel\u00b7l\u00e8ncia en la gesti\u00f3, consolidant la seva posici\u00f3 com a referents en l&#8217;\u00e0mbit dels graduats socials a les illes.<\/p>\n","protected":false},"excerpt":{"rendered":"<p>El dimarts, 13 de juny, va tenir lloc la reuni\u00f3 semestral del Patronat de la Fundaci\u00f3 de Graduats Socials de Balears a la seu col\u00b7legial. Durant aquesta trobada, es va dur a terme l&#8217;aprovaci\u00f3 dels comptes anuals corresponents a l&#8217;exercici 2022. La reuni\u00f3, que va transc\u00f3rrer en un ambient cordial i productiu, va comptar amb [&hellip;]<\/p>\n","protected":false},"author":2,"featured_media":2948,"comment_status":"open","ping_status":"open","sticky":false,"template":"","format":"standard","meta":{"footnotes":""},"categories":[20],"tags":[],"class_list":["post-3095","post","type-post","status-publish","format-standard","has-post-thumbnail","hentry","category-noticies-fundacio"],"_links":{"self":[{"href":"https:\/\/fundaciograduatssocials.com\/ca\/wp-json\/wp\/v2\/posts\/3095","targetHints":{"allow":["GET"]}}],"collection":[{"href":"https:\/\/fundaciograduatssocials.com\/ca\/wp-json\/wp\/v2\/posts"}],"about":[{"href":"https:\/\/fundaciograduatssocials.com\/ca\/wp-json\/wp\/v2\/types\/post"}],"author":[{"embeddable":true,"href":"https:\/\/fundaciograduatssocials.com\/ca\/wp-json\/wp\/v2\/users\/2"}],"replies":[{"embeddable":true,"href":"https:\/\/fundaciograduatssocials.com\/ca\/wp-json\/wp\/v2\/comments?post=3095"}],"version-history":[{"count":0,"href":"https:\/\/fundaciograduatssocials.com\/ca\/wp-json\/wp\/v2\/posts\/3095\/revisions"}],"wp:featuredmedia":[{"embeddable":true,"href":"https:\/\/fundaciograduatssocials.com\/ca\/wp-json\/wp\/v2\/media\/2948"}],"wp:attachment":[{"href":"https:\/\/fundaciograduatssocials.com\/ca\/wp-json\/wp\/v2\/media?parent=3095"}],"wp:term":[{"taxonomy":"category","embeddable":true,"href":"https:\/\/fundaciograduatssocials.com\/ca\/wp-json\/wp\/v2\/categories?post=3095"},{"taxonomy":"post_tag","embeddable":true,"href":"https:\/\/fundaciograduatssocials.com\/ca\/wp-json\/wp\/v2\/tags?post=3095"}],"curies":[{"name":"wp","href":"https:\/\/api.w.org\/{rel}","templated":true}]}}