{"id":3096,"date":"2023-02-03T09:40:39","date_gmt":"2023-02-03T09:40:39","guid":{"rendered":"https:\/\/fundaciograduatssocials.com\/2023\/02\/03\/nova-sessio-dorientacio-juridica-laboral-gratuita-en-materia-digualtat\/"},"modified":"2023-02-03T09:40:39","modified_gmt":"2023-02-03T09:40:39","slug":"nova-sessio-dorientacio-juridica-laboral-gratuita-en-materia-digualtat","status":"publish","type":"post","link":"https:\/\/fundaciograduatssocials.com\/ca\/2023\/02\/03\/nova-sessio-dorientacio-juridica-laboral-gratuita-en-materia-digualtat\/","title":{"rendered":"Nova sessi\u00f3 d&#8217;Orientaci\u00f3 Jur\u00eddica Laboral gratu\u00efta en mat\u00e8ria d&#8217;igualtat"},"content":{"rendered":"<p>En el mat\u00ed del dimecres, 1 de febrer de 2023, ha tingut lloc una nova sessi\u00f3 d&#8217;Orientaci\u00f3 Jur\u00eddica en mat\u00e8ria d&#8217;Igualtat en l&#8217;\u00e0mbit laboral. Un servei acordat pel GOIB s i la Fundaci\u00f3 de Graduats Socials de Balears l&#8217;any passat, que ha suposat un pas m\u00e9s enll\u00e0 en la gran labor que desenvolupa l&#8217;Oficina d&#8217;Orientaci\u00f3 jur\u00eddica laboral des de l&#8217;any 2011.<\/p>\n<p>De marcat car\u00e0cter social i dirigit al conjunt de la societat balear, l&#8217;oficina t\u00e9 com a objectiu oferir als ciutadans i ciutadanes i empreses de les illes un Servei d&#8217;Orientaci\u00f3 Jur\u00eddic-Laboral gratu\u00eft, en les mat\u00e8ries en les quals els Graduats Socials som especialistes: Dret Laboral i de la Seguretat Social.<\/p>\n<p>En aquesta nova sessi\u00f3, M\u00f3nica Sala, Graduat Social col\u00b7legiada amb acreditada experi\u00e8ncia professional, ha ofert assessorament t\u00e8cnic-jur\u00eddic b\u00e0sic a aquells ciutadans de balears que aix\u00ed ho van sol\u00b7licitar mitjan\u00e7ant el servei de cita pr\u00e8via.<\/p>\n","protected":false},"excerpt":{"rendered":"<p>En el mat\u00ed del dimecres, 1 de febrer de 2023, ha tingut lloc una nova sessi\u00f3 d&#8217;Orientaci\u00f3 Jur\u00eddica en mat\u00e8ria d&#8217;Igualtat en l&#8217;\u00e0mbit laboral. Un servei acordat pel GOIB s i la Fundaci\u00f3 de Graduats Socials de Balears l&#8217;any passat, que ha suposat un pas m\u00e9s enll\u00e0 en la gran labor que desenvolupa l&#8217;Oficina d&#8217;Orientaci\u00f3 [&hellip;]<\/p>\n","protected":false},"author":2,"featured_media":2967,"comment_status":"open","ping_status":"open","sticky":false,"template":"","format":"standard","meta":{"footnotes":""},"categories":[20],"tags":[],"class_list":["post-3096","post","type-post","status-publish","format-standard","has-post-thumbnail","hentry","category-noticies-fundacio"],"_links":{"self":[{"href":"https:\/\/fundaciograduatssocials.com\/ca\/wp-json\/wp\/v2\/posts\/3096","targetHints":{"allow":["GET"]}}],"collection":[{"href":"https:\/\/fundaciograduatssocials.com\/ca\/wp-json\/wp\/v2\/posts"}],"about":[{"href":"https:\/\/fundaciograduatssocials.com\/ca\/wp-json\/wp\/v2\/types\/post"}],"author":[{"embeddable":true,"href":"https:\/\/fundaciograduatssocials.com\/ca\/wp-json\/wp\/v2\/users\/2"}],"replies":[{"embeddable":true,"href":"https:\/\/fundaciograduatssocials.com\/ca\/wp-json\/wp\/v2\/comments?post=3096"}],"version-history":[{"count":0,"href":"https:\/\/fundaciograduatssocials.com\/ca\/wp-json\/wp\/v2\/posts\/3096\/revisions"}],"wp:featuredmedia":[{"embeddable":true,"href":"https:\/\/fundaciograduatssocials.com\/ca\/wp-json\/wp\/v2\/media\/2967"}],"wp:attachment":[{"href":"https:\/\/fundaciograduatssocials.com\/ca\/wp-json\/wp\/v2\/media?parent=3096"}],"wp:term":[{"taxonomy":"category","embeddable":true,"href":"https:\/\/fundaciograduatssocials.com\/ca\/wp-json\/wp\/v2\/categories?post=3096"},{"taxonomy":"post_tag","embeddable":true,"href":"https:\/\/fundaciograduatssocials.com\/ca\/wp-json\/wp\/v2\/tags?post=3096"}],"curies":[{"name":"wp","href":"https:\/\/api.w.org\/{rel}","templated":true}]}}