{"id":3098,"date":"2022-12-15T11:24:28","date_gmt":"2022-12-15T11:24:28","guid":{"rendered":"https:\/\/fundaciograduatssocials.com\/2022\/12\/15\/reunio-del-patronat-de-la-fundacio-de-graduats-socials-de-balears-2\/"},"modified":"2022-12-15T11:24:28","modified_gmt":"2022-12-15T11:24:28","slug":"reunio-del-patronat-de-la-fundacio-de-graduats-socials-de-balears-2","status":"publish","type":"post","link":"https:\/\/fundaciograduatssocials.com\/ca\/2022\/12\/15\/reunio-del-patronat-de-la-fundacio-de-graduats-socials-de-balears-2\/","title":{"rendered":"Reuni\u00f3 del Patronat de la Fundaci\u00f3 de Graduats Socials de Balears"},"content":{"rendered":"<p>S&#8217;ha celebrat la reuni\u00f3 del Patronat de la Fundaci\u00f3 de Graduats Socials dels Illes Balears en la seu del Col\u00b7legi.<\/p>\n<p>En la trobada han participat nombrosos membres de la Junta del Patronat, entre els quals es troben la Presidenta, Il\u00b7lma. Sra. Apol\u00b7l\u00f2nia Maria Juli\u00e0 Andreu, Sr. Jes\u00fas Avil\u00e9s Mu\u00f1oz, Sr. Jos\u00e9 Javier Bonet Llull, Sra. D\u00aa Eva Camarasa Juan, Sra. Merc\u00e8 Garc\u00eda Mill\u00e1n, Sr. Federico Hermosel Garrigu\u00e9, Sra. M\u00aa Gracia Matas Oliva, Sr. Pedro Mir Llompart, Sr. Miguel Moy\u00e1 Quintero, Sr. Francisco Navarro Lid\u00f3n, Sr. Daniel Ruiz Cancho, Sra. Adela Soriano Fiallega i D\u00aa. Francisca Rufiandis Cabrer.<\/p>\n<p>La Fundaci\u00f3 va n\u00e9ixer amb l&#8217;objectiu d&#8217;enfortir al Il\u00b7lustre Col\u00b7legi de Graduats Socials de les Illes Balears com a instituci\u00f3 i entitat. En col\u00b7laboraci\u00f3 amb altres entitats, facilita orientaci\u00f3 laboral i ajuda a la seva inserci\u00f3 en el mercat de treball a tots aquells col\u00b7lectius de persones amb m\u00e9s dificultats per a trobar treball.<\/p>\n<p>Un projecte pioner que ens ha convertit en el primer Col\u00b7legi de Graduats Socials d&#8217;Espanya que ha dut a terme aquesta iniciativa, amb la pretensi\u00f3, d&#8217;una banda, de fomentar la formaci\u00f3, els treballs de recerca i doc\u00e8ncia, l&#8217;organitzaci\u00f3 de confer\u00e8ncies i seminaris en diferents mat\u00e8ries, i d&#8217;altra banda, impulsar projectes de car\u00e0cter social i solidari, dirigits a aquells col\u00b7lectius que m\u00e9s ho necessiten i fomentar aix\u00ed la Just\u00edcia Social, lema de la nostra professi\u00f3.<\/p>\n","protected":false},"excerpt":{"rendered":"<p>S&#8217;ha celebrat la reuni\u00f3 del Patronat de la Fundaci\u00f3 de Graduats Socials dels Illes Balears en la seu del Col\u00b7legi. En la trobada han participat nombrosos membres de la Junta del Patronat, entre els quals es troben la Presidenta, Il\u00b7lma. Sra. Apol\u00b7l\u00f2nia Maria Juli\u00e0 Andreu, Sr. Jes\u00fas Avil\u00e9s Mu\u00f1oz, Sr. Jos\u00e9 Javier Bonet Llull, Sra. [&hellip;]<\/p>\n","protected":false},"author":2,"featured_media":2969,"comment_status":"open","ping_status":"open","sticky":false,"template":"","format":"standard","meta":{"footnotes":""},"categories":[20],"tags":[],"class_list":["post-3098","post","type-post","status-publish","format-standard","has-post-thumbnail","hentry","category-noticies-fundacio"],"_links":{"self":[{"href":"https:\/\/fundaciograduatssocials.com\/ca\/wp-json\/wp\/v2\/posts\/3098","targetHints":{"allow":["GET"]}}],"collection":[{"href":"https:\/\/fundaciograduatssocials.com\/ca\/wp-json\/wp\/v2\/posts"}],"about":[{"href":"https:\/\/fundaciograduatssocials.com\/ca\/wp-json\/wp\/v2\/types\/post"}],"author":[{"embeddable":true,"href":"https:\/\/fundaciograduatssocials.com\/ca\/wp-json\/wp\/v2\/users\/2"}],"replies":[{"embeddable":true,"href":"https:\/\/fundaciograduatssocials.com\/ca\/wp-json\/wp\/v2\/comments?post=3098"}],"version-history":[{"count":0,"href":"https:\/\/fundaciograduatssocials.com\/ca\/wp-json\/wp\/v2\/posts\/3098\/revisions"}],"wp:featuredmedia":[{"embeddable":true,"href":"https:\/\/fundaciograduatssocials.com\/ca\/wp-json\/wp\/v2\/media\/2969"}],"wp:attachment":[{"href":"https:\/\/fundaciograduatssocials.com\/ca\/wp-json\/wp\/v2\/media?parent=3098"}],"wp:term":[{"taxonomy":"category","embeddable":true,"href":"https:\/\/fundaciograduatssocials.com\/ca\/wp-json\/wp\/v2\/categories?post=3098"},{"taxonomy":"post_tag","embeddable":true,"href":"https:\/\/fundaciograduatssocials.com\/ca\/wp-json\/wp\/v2\/tags?post=3098"}],"curies":[{"name":"wp","href":"https:\/\/api.w.org\/{rel}","templated":true}]}}