{"id":3099,"date":"2022-12-14T13:58:46","date_gmt":"2022-12-14T13:58:46","guid":{"rendered":"https:\/\/fundaciograduatssocials.com\/2022\/12\/14\/loficina-dorientacio-juridica-laboral-al-servei-de-la-ciutadania-balear\/"},"modified":"2022-12-14T13:58:46","modified_gmt":"2022-12-14T13:58:46","slug":"loficina-dorientacio-juridica-laboral-al-servei-de-la-ciutadania-balear","status":"publish","type":"post","link":"https:\/\/fundaciograduatssocials.com\/ca\/2022\/12\/14\/loficina-dorientacio-juridica-laboral-al-servei-de-la-ciutadania-balear\/","title":{"rendered":"L&#8217;Oficina d&#8217;Orientaci\u00f3 Jur\u00eddica-Laboral al servei de la ciutadania balear"},"content":{"rendered":"<p>La Fundaci\u00f3 de Graduats Socials de les Iles Balears ha ofert, una nova sessi\u00f3 gratu\u00efta per a l&#8217;orientaci\u00f3 jur\u00eddica-laboral dels ciutadans i ciutadanes de l&#8217;illa que han sol\u00b7licitat atenci\u00f3 personalitzada relacionada amb temes laborals o jur\u00eddics.<\/p>\n<p>El col\u00b7legiat, Francisco Navarro, ha brindat atenci\u00f3 volunt\u00e0ria i gratu\u00efta a diversos interessats per a proporcionar-los un primer consell orientador en q\u00fcestions laborals, d&#8217;igualtat i Seguretat Social.<\/p>\n","protected":false},"excerpt":{"rendered":"<p>La Fundaci\u00f3 de Graduats Socials de les Iles Balears ha ofert, una nova sessi\u00f3 gratu\u00efta per a l&#8217;orientaci\u00f3 jur\u00eddica-laboral dels ciutadans i ciutadanes de l&#8217;illa que han sol\u00b7licitat atenci\u00f3 personalitzada relacionada amb temes laborals o jur\u00eddics. El col\u00b7legiat, Francisco Navarro, ha brindat atenci\u00f3 volunt\u00e0ria i gratu\u00efta a diversos interessats per a proporcionar-los un primer consell [&hellip;]<\/p>\n","protected":false},"author":2,"featured_media":2970,"comment_status":"open","ping_status":"open","sticky":false,"template":"","format":"standard","meta":{"footnotes":""},"categories":[20],"tags":[],"class_list":["post-3099","post","type-post","status-publish","format-standard","has-post-thumbnail","hentry","category-noticies-fundacio"],"_links":{"self":[{"href":"https:\/\/fundaciograduatssocials.com\/ca\/wp-json\/wp\/v2\/posts\/3099","targetHints":{"allow":["GET"]}}],"collection":[{"href":"https:\/\/fundaciograduatssocials.com\/ca\/wp-json\/wp\/v2\/posts"}],"about":[{"href":"https:\/\/fundaciograduatssocials.com\/ca\/wp-json\/wp\/v2\/types\/post"}],"author":[{"embeddable":true,"href":"https:\/\/fundaciograduatssocials.com\/ca\/wp-json\/wp\/v2\/users\/2"}],"replies":[{"embeddable":true,"href":"https:\/\/fundaciograduatssocials.com\/ca\/wp-json\/wp\/v2\/comments?post=3099"}],"version-history":[{"count":0,"href":"https:\/\/fundaciograduatssocials.com\/ca\/wp-json\/wp\/v2\/posts\/3099\/revisions"}],"wp:featuredmedia":[{"embeddable":true,"href":"https:\/\/fundaciograduatssocials.com\/ca\/wp-json\/wp\/v2\/media\/2970"}],"wp:attachment":[{"href":"https:\/\/fundaciograduatssocials.com\/ca\/wp-json\/wp\/v2\/media?parent=3099"}],"wp:term":[{"taxonomy":"category","embeddable":true,"href":"https:\/\/fundaciograduatssocials.com\/ca\/wp-json\/wp\/v2\/categories?post=3099"},{"taxonomy":"post_tag","embeddable":true,"href":"https:\/\/fundaciograduatssocials.com\/ca\/wp-json\/wp\/v2\/tags?post=3099"}],"curies":[{"name":"wp","href":"https:\/\/api.w.org\/{rel}","templated":true}]}}