{"id":3100,"date":"2022-06-27T08:59:14","date_gmt":"2022-06-27T08:59:14","guid":{"rendered":"https:\/\/fundaciograduatssocials.com\/2022\/06\/27\/reunio-de-la-patronat-de-la-fundacio-de-graduats-socials-de-balears\/"},"modified":"2022-06-27T08:59:14","modified_gmt":"2022-06-27T08:59:14","slug":"reunio-de-la-patronat-de-la-fundacio-de-graduats-socials-de-balears","status":"publish","type":"post","link":"https:\/\/fundaciograduatssocials.com\/ca\/2022\/06\/27\/reunio-de-la-patronat-de-la-fundacio-de-graduats-socials-de-balears\/","title":{"rendered":"Reuni\u00f3 de la Patronat de la Fundaci\u00f3 de Graduats Socials de Balears"},"content":{"rendered":"<p>Com \u00e9s habitual cada mig any, s&#8217;ha celebrat la reuni\u00f3 del Patronat de la Fundaci\u00f3 de Graduats Socials.<\/p>\n<p>A la trobada hi han assistit nombrosos membres del Patronat, tant antics presidents del Col\u00b7legi com integrants actuals de la Junta de Govern de l&#8217;Il\u00b7lustre Col\u00b7legi Oficial de Graduats Socials de les Illes Balears.<\/p>\n<p>La Fundaci\u00f3 va n\u00e9ixer amb l&#8217;objectiu d\u2019enfortir al Il\u00b7lustre Col\u00b7legi de Graduats Socials de les Illes Balears com a instituci\u00f3 i entitat. En col\u00b7laboraci\u00f3 amb altres entitats, facilita orientaci\u00f3 laboral i ajuda a la seva inserci\u00f3 en el mercat de treball a tots aquells col\u00b7lectius de persones amb m\u00e9s dificultats per a trobar treball.<\/p>\n<p>Un projecte pioner que ens converteix en el primer Col\u00b7legi de Graduats Socials d&#8217;Espanya que ha dut a terme aquesta iniciativa, amb la pretensi\u00f3, d&#8217;una banda, de fomentar la formaci\u00f3, els treballs de recerca i doc\u00e8ncia, l&#8217;organitzaci\u00f3 de confer\u00e8ncies i seminaris en diferents mat\u00e8ries, i d&#8217;altra banda, impulsar projectes de car\u00e0cter social i solidari, dirigits a aquells col\u00b7lectius que m\u00e9s ho necessiten i fomentar aix\u00ed la Just\u00edcia Social.<\/p>\n","protected":false},"excerpt":{"rendered":"<p>Com \u00e9s habitual cada mig any, s&#8217;ha celebrat la reuni\u00f3 del Patronat de la Fundaci\u00f3 de Graduats Socials. A la trobada hi han assistit nombrosos membres del Patronat, tant antics presidents del Col\u00b7legi com integrants actuals de la Junta de Govern de l&#8217;Il\u00b7lustre Col\u00b7legi Oficial de Graduats Socials de les Illes Balears. La Fundaci\u00f3 va [&hellip;]<\/p>\n","protected":false},"author":2,"featured_media":2971,"comment_status":"open","ping_status":"open","sticky":false,"template":"","format":"standard","meta":{"footnotes":""},"categories":[20],"tags":[],"class_list":["post-3100","post","type-post","status-publish","format-standard","has-post-thumbnail","hentry","category-noticies-fundacio"],"_links":{"self":[{"href":"https:\/\/fundaciograduatssocials.com\/ca\/wp-json\/wp\/v2\/posts\/3100","targetHints":{"allow":["GET"]}}],"collection":[{"href":"https:\/\/fundaciograduatssocials.com\/ca\/wp-json\/wp\/v2\/posts"}],"about":[{"href":"https:\/\/fundaciograduatssocials.com\/ca\/wp-json\/wp\/v2\/types\/post"}],"author":[{"embeddable":true,"href":"https:\/\/fundaciograduatssocials.com\/ca\/wp-json\/wp\/v2\/users\/2"}],"replies":[{"embeddable":true,"href":"https:\/\/fundaciograduatssocials.com\/ca\/wp-json\/wp\/v2\/comments?post=3100"}],"version-history":[{"count":0,"href":"https:\/\/fundaciograduatssocials.com\/ca\/wp-json\/wp\/v2\/posts\/3100\/revisions"}],"wp:featuredmedia":[{"embeddable":true,"href":"https:\/\/fundaciograduatssocials.com\/ca\/wp-json\/wp\/v2\/media\/2971"}],"wp:attachment":[{"href":"https:\/\/fundaciograduatssocials.com\/ca\/wp-json\/wp\/v2\/media?parent=3100"}],"wp:term":[{"taxonomy":"category","embeddable":true,"href":"https:\/\/fundaciograduatssocials.com\/ca\/wp-json\/wp\/v2\/categories?post=3100"},{"taxonomy":"post_tag","embeddable":true,"href":"https:\/\/fundaciograduatssocials.com\/ca\/wp-json\/wp\/v2\/tags?post=3100"}],"curies":[{"name":"wp","href":"https:\/\/api.w.org\/{rel}","templated":true}]}}