{"id":3101,"date":"2022-04-27T13:59:05","date_gmt":"2022-04-27T13:59:05","guid":{"rendered":"https:\/\/fundaciograduatssocials.com\/2022\/04\/27\/govern-i-graduats-socials-acorden-incorporar-lorientacio-juridica-gratuita-en-igualtat\/"},"modified":"2022-04-27T13:59:05","modified_gmt":"2022-04-27T13:59:05","slug":"govern-i-graduats-socials-acorden-incorporar-lorientacio-juridica-gratuita-en-igualtat","status":"publish","type":"post","link":"https:\/\/fundaciograduatssocials.com\/ca\/2022\/04\/27\/govern-i-graduats-socials-acorden-incorporar-lorientacio-juridica-gratuita-en-igualtat\/","title":{"rendered":"Govern i graduats socials acorden incorporar l\u2019orientaci\u00f3 jur\u00eddica gratu\u00efta en igualtat"},"content":{"rendered":"<p>El conseller Negueruela renova el conveni per al manteniment de l\u2019Oficina d\u2019orientaci\u00f3 jur\u00eddica laboral, que des del 2017 ha realitzat gaireb\u00e9 2.913 atencions gratu\u00eftes El conseller de Model Econ\u00f2mic, Turisme i Treball, Iago Negueruela, ha signat avui la renovaci\u00f3 d\u2019un conveni de col\u00b7laboraci\u00f3 amb la presidenta de la Fundaci\u00f3 de Graduats Socials de les Illes Balears, Apol\u00b7l\u00f2nia Juli\u00e0, en la que s\u2019acorda millorar el finan\u00e7ament de l\u2019Oficina d\u2019Orientaci\u00f3 Jur\u00eddica Laboral de les Illes Balears, que enguany duplicar\u00e0 el seu pressupost fins als 30.000 euros. A l\u2019acte de la signatura tamb\u00e9 hi ha assistit la directora general de Treball i Salut Laboral, Virginia Abraham, i diversos integrants del Patronat de la Fundaci\u00f3.<\/p>\n<p>El principal motiu d\u2019aquest important increment econ\u00f2mic per a l\u2019Oficina \u00e9s la incorporaci\u00f3 de l\u2019orientaci\u00f3 jur\u00eddica i professional en mat\u00e8ria d\u2019igualtat, en especial al que es refereix al suport que poden necessitar les empreses de 50 o m\u00e9s persones treballadores a l\u2019hora de redactar el seu pla d\u2019Igualtat, obligatori per llei des del passat 7 de mar\u00e7.<\/p>\n<p>D\u2019altra banda, des d\u2019aquest mes d\u2019abril les Illes Balears compten amb un Pla per a la Igualtat a l\u2019\u00e0mbit laboral, aprovat amb el consens dels agents socials i econ\u00f2mics, que incorpora un seguit de mesures per fomentar la igualtat i la no discriminaci\u00f3 entre dones i homes a l\u2019\u00e0mbit laboral i la seguretat i salut laborals. De fet, la signatura del conveni d\u2019avui suposa la consecuci\u00f3 de la primera de les 47 mesures aprovades en aquest pla, que t\u00e9 una vig\u00e8ncia de 4 anys.<\/p>\n<p>En aquest sentit, el conseller Negueruela ha recordat que la col\u00b7laboraci\u00f3 amb la Fundaci\u00f3 de Graduats Socials cal situar-la en el 2017, quan el Govern decideix realitzar una aportaci\u00f3 econ\u00f2mica per a facilitar l\u2019orientaci\u00f3 gratu\u00efta que empreses i professionals poden rebre per part dels graduats socials. Enguany, l\u2019oficina amplia les seves compet\u00e8ncies per poder oferir orientaci\u00f3 jur\u00eddica i laboral incorporant-hi l\u2019orientaci\u00f3 en mat\u00e8ria d\u2019igualtat en les relacions laborals i, espec\u00edficament, en plans d\u2019igualtat.<\/p>\n<p>Aix\u00ed mateix, el conseller ha recordat la import\u00e0ncia de la tasca que desenvolupa l\u2019Oficina d\u2019Orientaci\u00f3 jur\u00eddica laboral, que des de 2017 ha realitzat 2.913 consultes gratu\u00eftes.<\/p>\n","protected":false},"excerpt":{"rendered":"<p>El conseller Negueruela renova el conveni per al manteniment de l\u2019Oficina d\u2019orientaci\u00f3 jur\u00eddica laboral, que des del 2017 ha realitzat gaireb\u00e9 2.913 atencions gratu\u00eftes El conseller de Model Econ\u00f2mic, Turisme i Treball, Iago Negueruela, ha signat avui la renovaci\u00f3 d\u2019un conveni de col\u00b7laboraci\u00f3 amb la presidenta de la Fundaci\u00f3 de Graduats Socials de les Illes [&hellip;]<\/p>\n","protected":false},"author":2,"featured_media":2973,"comment_status":"open","ping_status":"open","sticky":false,"template":"","format":"standard","meta":{"footnotes":""},"categories":[20],"tags":[],"class_list":["post-3101","post","type-post","status-publish","format-standard","has-post-thumbnail","hentry","category-noticies-fundacio"],"_links":{"self":[{"href":"https:\/\/fundaciograduatssocials.com\/ca\/wp-json\/wp\/v2\/posts\/3101","targetHints":{"allow":["GET"]}}],"collection":[{"href":"https:\/\/fundaciograduatssocials.com\/ca\/wp-json\/wp\/v2\/posts"}],"about":[{"href":"https:\/\/fundaciograduatssocials.com\/ca\/wp-json\/wp\/v2\/types\/post"}],"author":[{"embeddable":true,"href":"https:\/\/fundaciograduatssocials.com\/ca\/wp-json\/wp\/v2\/users\/2"}],"replies":[{"embeddable":true,"href":"https:\/\/fundaciograduatssocials.com\/ca\/wp-json\/wp\/v2\/comments?post=3101"}],"version-history":[{"count":0,"href":"https:\/\/fundaciograduatssocials.com\/ca\/wp-json\/wp\/v2\/posts\/3101\/revisions"}],"wp:featuredmedia":[{"embeddable":true,"href":"https:\/\/fundaciograduatssocials.com\/ca\/wp-json\/wp\/v2\/media\/2973"}],"wp:attachment":[{"href":"https:\/\/fundaciograduatssocials.com\/ca\/wp-json\/wp\/v2\/media?parent=3101"}],"wp:term":[{"taxonomy":"category","embeddable":true,"href":"https:\/\/fundaciograduatssocials.com\/ca\/wp-json\/wp\/v2\/categories?post=3101"},{"taxonomy":"post_tag","embeddable":true,"href":"https:\/\/fundaciograduatssocials.com\/ca\/wp-json\/wp\/v2\/tags?post=3101"}],"curies":[{"name":"wp","href":"https:\/\/api.w.org\/{rel}","templated":true}]}}