{"id":3102,"date":"2021-10-01T14:16:43","date_gmt":"2021-10-01T14:16:43","guid":{"rendered":"https:\/\/fundaciograduatssocials.com\/2021\/10\/01\/la-fundacio-organitza-la-formacio-sobre-les-relacions-laborals-i-el-teletreball-transnacional\/"},"modified":"2021-10-01T14:16:43","modified_gmt":"2021-10-01T14:16:43","slug":"la-fundacio-organitza-la-formacio-sobre-les-relacions-laborals-i-el-teletreball-transnacional","status":"publish","type":"post","link":"https:\/\/fundaciograduatssocials.com\/ca\/2021\/10\/01\/la-fundacio-organitza-la-formacio-sobre-les-relacions-laborals-i-el-teletreball-transnacional\/","title":{"rendered":"La Fundaci\u00f3 organitza la formaci\u00f3 sobre les relacions laborals i el teletreball transnacional"},"content":{"rendered":"<p>La Fundaci\u00f3 de Graduats Socials de les Illes Balears en col\u00b7laboraci\u00f3 amb el Col\u00b7legi Oficial de Graduats Socials de les Illes Balears van organitzar la formaci\u00f3 &#8220;Relacions laborals amb treballadors o empreses domiciliats a l&#8217;estranger. El teletreball transnacional&#8221;<\/p>\n<p>La ponent va ser Maria de la Mar Cresp\u00ed Ferriol. Doctoranda en Dret, professora de Dret del Treball que va tractar sobre la llei aplicable als contractes de treball internacionals, la jurisdicci\u00f3 competent per a enjudiciar les relacions laborals internacionals, el r\u00e8gim jur\u00eddic aplicable al teletreball transnacional i particularitats del teletreball transnacional suscitat per la pand\u00e8mia.<\/p>\n<p>L&#8217;acte va ser presentat per Daniel Ruiz Vocal de la Junta del Col\u00b7legi i van acudir m\u00e9s de 60 col\u00b7legiats i p\u00fablic extern tan presencial com en l\u00ednia.<\/p>\n","protected":false},"excerpt":{"rendered":"<p>La Fundaci\u00f3 de Graduats Socials de les Illes Balears en col\u00b7laboraci\u00f3 amb el Col\u00b7legi Oficial de Graduats Socials de les Illes Balears van organitzar la formaci\u00f3 &#8220;Relacions laborals amb treballadors o empreses domiciliats a l&#8217;estranger. El teletreball transnacional&#8221; La ponent va ser Maria de la Mar Cresp\u00ed Ferriol. Doctoranda en Dret, professora de Dret del [&hellip;]<\/p>\n","protected":false},"author":2,"featured_media":2975,"comment_status":"open","ping_status":"open","sticky":false,"template":"","format":"standard","meta":{"footnotes":""},"categories":[20],"tags":[],"class_list":["post-3102","post","type-post","status-publish","format-standard","has-post-thumbnail","hentry","category-noticies-fundacio"],"_links":{"self":[{"href":"https:\/\/fundaciograduatssocials.com\/ca\/wp-json\/wp\/v2\/posts\/3102","targetHints":{"allow":["GET"]}}],"collection":[{"href":"https:\/\/fundaciograduatssocials.com\/ca\/wp-json\/wp\/v2\/posts"}],"about":[{"href":"https:\/\/fundaciograduatssocials.com\/ca\/wp-json\/wp\/v2\/types\/post"}],"author":[{"embeddable":true,"href":"https:\/\/fundaciograduatssocials.com\/ca\/wp-json\/wp\/v2\/users\/2"}],"replies":[{"embeddable":true,"href":"https:\/\/fundaciograduatssocials.com\/ca\/wp-json\/wp\/v2\/comments?post=3102"}],"version-history":[{"count":0,"href":"https:\/\/fundaciograduatssocials.com\/ca\/wp-json\/wp\/v2\/posts\/3102\/revisions"}],"wp:featuredmedia":[{"embeddable":true,"href":"https:\/\/fundaciograduatssocials.com\/ca\/wp-json\/wp\/v2\/media\/2975"}],"wp:attachment":[{"href":"https:\/\/fundaciograduatssocials.com\/ca\/wp-json\/wp\/v2\/media?parent=3102"}],"wp:term":[{"taxonomy":"category","embeddable":true,"href":"https:\/\/fundaciograduatssocials.com\/ca\/wp-json\/wp\/v2\/categories?post=3102"},{"taxonomy":"post_tag","embeddable":true,"href":"https:\/\/fundaciograduatssocials.com\/ca\/wp-json\/wp\/v2\/tags?post=3102"}],"curies":[{"name":"wp","href":"https:\/\/api.w.org\/{rel}","templated":true}]}}