{"id":3103,"date":"2021-06-16T08:15:26","date_gmt":"2021-06-16T08:15:26","guid":{"rendered":"https:\/\/fundaciograduatssocials.com\/2021\/06\/16\/reunio-de-la-fundacio-graduats-socials-de-les-illes-balears\/"},"modified":"2021-06-16T08:15:26","modified_gmt":"2021-06-16T08:15:26","slug":"reunio-de-la-fundacio-graduats-socials-de-les-illes-balears","status":"publish","type":"post","link":"https:\/\/fundaciograduatssocials.com\/ca\/2021\/06\/16\/reunio-de-la-fundacio-graduats-socials-de-les-illes-balears\/","title":{"rendered":"Reuni\u00f3 de la Fundaci\u00f3 Graduats Socials de les Illes Balears"},"content":{"rendered":"<p>Els membres del Patronat de la Fundaci\u00f3 Graduats Socials Illes Balears s&#8217;han reunit telem\u00e0ticament i presencialment a la seu del Col\u00b7legi per debatre, entre d&#8217;altres, l&#8217;aprovaci\u00f3 dels Comptes<br \/>\nAnuals 2020. La trobada va ser presidida per la presidenta Apol\u00b7l\u00f2nia Juli\u00e0 i va comptar amb la asistencia presencial de Jos\u00e9 Javier Bonet, Patr\u00f3; Federico Hermosel, tresorer, i Pedro Mir, secretari.<\/p>\n","protected":false},"excerpt":{"rendered":"<p>Els membres del Patronat de la Fundaci\u00f3 Graduats Socials Illes Balears s&#8217;han reunit telem\u00e0ticament i presencialment a la seu del Col\u00b7legi per debatre, entre d&#8217;altres, l&#8217;aprovaci\u00f3 dels Comptes Anuals 2020. La trobada va ser presidida per la presidenta Apol\u00b7l\u00f2nia Juli\u00e0 i va comptar amb la asistencia presencial de Jos\u00e9 Javier Bonet, Patr\u00f3; Federico Hermosel, tresorer, [&hellip;]<\/p>\n","protected":false},"author":2,"featured_media":2976,"comment_status":"open","ping_status":"open","sticky":false,"template":"","format":"standard","meta":{"footnotes":""},"categories":[20],"tags":[],"class_list":["post-3103","post","type-post","status-publish","format-standard","has-post-thumbnail","hentry","category-noticies-fundacio"],"_links":{"self":[{"href":"https:\/\/fundaciograduatssocials.com\/ca\/wp-json\/wp\/v2\/posts\/3103","targetHints":{"allow":["GET"]}}],"collection":[{"href":"https:\/\/fundaciograduatssocials.com\/ca\/wp-json\/wp\/v2\/posts"}],"about":[{"href":"https:\/\/fundaciograduatssocials.com\/ca\/wp-json\/wp\/v2\/types\/post"}],"author":[{"embeddable":true,"href":"https:\/\/fundaciograduatssocials.com\/ca\/wp-json\/wp\/v2\/users\/2"}],"replies":[{"embeddable":true,"href":"https:\/\/fundaciograduatssocials.com\/ca\/wp-json\/wp\/v2\/comments?post=3103"}],"version-history":[{"count":0,"href":"https:\/\/fundaciograduatssocials.com\/ca\/wp-json\/wp\/v2\/posts\/3103\/revisions"}],"wp:featuredmedia":[{"embeddable":true,"href":"https:\/\/fundaciograduatssocials.com\/ca\/wp-json\/wp\/v2\/media\/2976"}],"wp:attachment":[{"href":"https:\/\/fundaciograduatssocials.com\/ca\/wp-json\/wp\/v2\/media?parent=3103"}],"wp:term":[{"taxonomy":"category","embeddable":true,"href":"https:\/\/fundaciograduatssocials.com\/ca\/wp-json\/wp\/v2\/categories?post=3103"},{"taxonomy":"post_tag","embeddable":true,"href":"https:\/\/fundaciograduatssocials.com\/ca\/wp-json\/wp\/v2\/tags?post=3103"}],"curies":[{"name":"wp","href":"https:\/\/api.w.org\/{rel}","templated":true}]}}