{"id":3105,"date":"2021-04-28T08:59:20","date_gmt":"2021-04-28T08:59:20","guid":{"rendered":"https:\/\/fundaciograduatssocials.com\/2021\/04\/28\/la-fundacio-de-graduats-socials-i-la-caixa-fan-una-formacio-en-normativa-laboral-per-a-tecnics-dinsercio-dentitats-socials\/"},"modified":"2021-04-28T08:59:20","modified_gmt":"2021-04-28T08:59:20","slug":"la-fundacio-de-graduats-socials-i-la-caixa-fan-una-formacio-en-normativa-laboral-per-a-tecnics-dinsercio-dentitats-socials","status":"publish","type":"post","link":"https:\/\/fundaciograduatssocials.com\/ca\/2021\/04\/28\/la-fundacio-de-graduats-socials-i-la-caixa-fan-una-formacio-en-normativa-laboral-per-a-tecnics-dinsercio-dentitats-socials\/","title":{"rendered":"La Fundaci\u00f3 de Graduats Socials i La Caixa fan una formaci\u00f3 en Normativa Laboral per a T\u00e8cnics d&#8217;inserci\u00f3 d&#8217;Entitats socials"},"content":{"rendered":"<p>La Fundaci\u00f3 i l&#8217;Il\u00b7lustre Col\u00b7legi de Graduats Socials en col\u00b7laboraci\u00f3 amb el programa Incorpora de la Fundaci\u00f3 &#8220;la Caixa&#8221; i d&#8217;Acci\u00f3 Social de CaixaBank, van realitzar una sessi\u00f3 formativa per a t\u00e8cnics d&#8217;inserci\u00f3 en Entitats socials al Sal\u00f3 d&#8217;Actes de la seu col\u00b7legial.<\/p>\n<p>M\u00e9s d&#8217;una vintena d&#8217;Assistents han participaci\u00f3 presencialment, mentre que la resta ho ha fet de forma telem\u00e0tica. Han Estat persones interessades a formar-se sobre temes de contractaci\u00f3 de Col\u00b7lectius vulnerables, tipus de contractes, estructures de N\u00f2mines, jornades de treball, extincions de contracte i prestacions.<\/p>\n<p>La presentaci\u00f3 de la sessi\u00f3 formativa, estava a c\u00e0rrec de la Sra. Apol\u00b7l\u00f2nia M. Juli\u00e0, presidenta de l&#8217;Il\u00b7lustre Col\u00b7legi Oficial de Graduats Socials; Juan Pablo Rosano, coordinador del Programa Incorpora de &#8220;la Caixa&#8221; i del Sr. Diego Riera, Cap d&#8217;Acci\u00f3 Social de CaixaBank.<\/p>\n<p>Els col\u00b7legiats, Pedro Mir Llompart, Emilia Goyanes Castro, Maria Gr\u00e0cia Matas Oliva, Apolonia M. Juli\u00e0 i Daniel Ruiz Cacho varen ser ponents en les diferents xerrades relacionades amb temes com: tipus de contracte, N\u00f2mines, jornades de treball, extincions de contracte i prestacions .<\/p>\n","protected":false},"excerpt":{"rendered":"<p>La Fundaci\u00f3 i l&#8217;Il\u00b7lustre Col\u00b7legi de Graduats Socials en col\u00b7laboraci\u00f3 amb el programa Incorpora de la Fundaci\u00f3 &#8220;la Caixa&#8221; i d&#8217;Acci\u00f3 Social de CaixaBank, van realitzar una sessi\u00f3 formativa per a t\u00e8cnics d&#8217;inserci\u00f3 en Entitats socials al Sal\u00f3 d&#8217;Actes de la seu col\u00b7legial. M\u00e9s d&#8217;una vintena d&#8217;Assistents han participaci\u00f3 presencialment, mentre que la resta ho [&hellip;]<\/p>\n","protected":false},"author":2,"featured_media":2978,"comment_status":"open","ping_status":"open","sticky":false,"template":"","format":"standard","meta":{"footnotes":""},"categories":[20],"tags":[],"class_list":["post-3105","post","type-post","status-publish","format-standard","has-post-thumbnail","hentry","category-noticies-fundacio"],"_links":{"self":[{"href":"https:\/\/fundaciograduatssocials.com\/ca\/wp-json\/wp\/v2\/posts\/3105","targetHints":{"allow":["GET"]}}],"collection":[{"href":"https:\/\/fundaciograduatssocials.com\/ca\/wp-json\/wp\/v2\/posts"}],"about":[{"href":"https:\/\/fundaciograduatssocials.com\/ca\/wp-json\/wp\/v2\/types\/post"}],"author":[{"embeddable":true,"href":"https:\/\/fundaciograduatssocials.com\/ca\/wp-json\/wp\/v2\/users\/2"}],"replies":[{"embeddable":true,"href":"https:\/\/fundaciograduatssocials.com\/ca\/wp-json\/wp\/v2\/comments?post=3105"}],"version-history":[{"count":0,"href":"https:\/\/fundaciograduatssocials.com\/ca\/wp-json\/wp\/v2\/posts\/3105\/revisions"}],"wp:featuredmedia":[{"embeddable":true,"href":"https:\/\/fundaciograduatssocials.com\/ca\/wp-json\/wp\/v2\/media\/2978"}],"wp:attachment":[{"href":"https:\/\/fundaciograduatssocials.com\/ca\/wp-json\/wp\/v2\/media?parent=3105"}],"wp:term":[{"taxonomy":"category","embeddable":true,"href":"https:\/\/fundaciograduatssocials.com\/ca\/wp-json\/wp\/v2\/categories?post=3105"},{"taxonomy":"post_tag","embeddable":true,"href":"https:\/\/fundaciograduatssocials.com\/ca\/wp-json\/wp\/v2\/tags?post=3105"}],"curies":[{"name":"wp","href":"https:\/\/api.w.org\/{rel}","templated":true}]}}