{"id":3106,"date":"2021-04-23T09:36:23","date_gmt":"2021-04-23T09:36:23","guid":{"rendered":"https:\/\/fundaciograduatssocials.com\/2021\/04\/23\/recollida-daliments-per-lassociacio-tardor\/"},"modified":"2021-04-23T09:36:23","modified_gmt":"2021-04-23T09:36:23","slug":"recollida-daliments-per-lassociacio-tardor","status":"publish","type":"post","link":"https:\/\/fundaciograduatssocials.com\/ca\/2021\/04\/23\/recollida-daliments-per-lassociacio-tardor\/","title":{"rendered":"Recollida d&#8217;aliments per l&#8217;Associaci\u00f3 Tardor"},"content":{"rendered":"<p>Els membres de la Junta de Govern de el Col\u00b7legi i de la Fundaci\u00f3 de Graduats Socials, van participar avui en el lliurament d&#8217;aliments a l&#8217;Associaci\u00f3 Tardor. En representaci\u00f3 d&#8217;aquesta instituci\u00f3 ho va fer, Carolina Sender.<\/p>\n<p>La Fundaci\u00f3 de Graduats Socials de les Illes Balears comparteix amb l&#8217;Associaci\u00f3 Tardor l&#8217;objectiu de pal\u00b7liar l&#8217;exclusi\u00f3 social de les persones que queden fora de sistema asistencial.<\/p>\n<p>L&#8217;Associaci\u00f3 Tardor va n\u00e9ixer el 2009 amb l&#8217;objectiu de pal\u00b7liar els efectes de la pobresa i l&#8217;exclusi\u00f3 social de les persones que queden fora de el sistema assistencial. D\u00f3na resposta a les necessitats b\u00e0siques d&#8217;alimentaci\u00f3, seguretat, sanejament i espai residencial.<\/p>\n","protected":false},"excerpt":{"rendered":"<p>Els membres de la Junta de Govern de el Col\u00b7legi i de la Fundaci\u00f3 de Graduats Socials, van participar avui en el lliurament d&#8217;aliments a l&#8217;Associaci\u00f3 Tardor. En representaci\u00f3 d&#8217;aquesta instituci\u00f3 ho va fer, Carolina Sender. La Fundaci\u00f3 de Graduats Socials de les Illes Balears comparteix amb l&#8217;Associaci\u00f3 Tardor l&#8217;objectiu de pal\u00b7liar l&#8217;exclusi\u00f3 social de [&hellip;]<\/p>\n","protected":false},"author":2,"featured_media":2979,"comment_status":"open","ping_status":"open","sticky":false,"template":"","format":"standard","meta":{"footnotes":""},"categories":[20],"tags":[],"class_list":["post-3106","post","type-post","status-publish","format-standard","has-post-thumbnail","hentry","category-noticies-fundacio"],"_links":{"self":[{"href":"https:\/\/fundaciograduatssocials.com\/ca\/wp-json\/wp\/v2\/posts\/3106","targetHints":{"allow":["GET"]}}],"collection":[{"href":"https:\/\/fundaciograduatssocials.com\/ca\/wp-json\/wp\/v2\/posts"}],"about":[{"href":"https:\/\/fundaciograduatssocials.com\/ca\/wp-json\/wp\/v2\/types\/post"}],"author":[{"embeddable":true,"href":"https:\/\/fundaciograduatssocials.com\/ca\/wp-json\/wp\/v2\/users\/2"}],"replies":[{"embeddable":true,"href":"https:\/\/fundaciograduatssocials.com\/ca\/wp-json\/wp\/v2\/comments?post=3106"}],"version-history":[{"count":0,"href":"https:\/\/fundaciograduatssocials.com\/ca\/wp-json\/wp\/v2\/posts\/3106\/revisions"}],"wp:featuredmedia":[{"embeddable":true,"href":"https:\/\/fundaciograduatssocials.com\/ca\/wp-json\/wp\/v2\/media\/2979"}],"wp:attachment":[{"href":"https:\/\/fundaciograduatssocials.com\/ca\/wp-json\/wp\/v2\/media?parent=3106"}],"wp:term":[{"taxonomy":"category","embeddable":true,"href":"https:\/\/fundaciograduatssocials.com\/ca\/wp-json\/wp\/v2\/categories?post=3106"},{"taxonomy":"post_tag","embeddable":true,"href":"https:\/\/fundaciograduatssocials.com\/ca\/wp-json\/wp\/v2\/tags?post=3106"}],"curies":[{"name":"wp","href":"https:\/\/api.w.org\/{rel}","templated":true}]}}