{"id":3107,"date":"2021-02-10T09:49:39","date_gmt":"2021-02-10T09:49:39","guid":{"rendered":"https:\/\/fundaciograduatssocials.com\/2021\/02\/10\/la-fundacio-de-graduats-socials-mante-el-servei-dorientacio-juridic-gratuit-2\/"},"modified":"2021-02-10T09:49:39","modified_gmt":"2021-02-10T09:49:39","slug":"la-fundacio-de-graduats-socials-mante-el-servei-dorientacio-juridic-gratuit-2","status":"publish","type":"post","link":"https:\/\/fundaciograduatssocials.com\/ca\/2021\/02\/10\/la-fundacio-de-graduats-socials-mante-el-servei-dorientacio-juridic-gratuit-2\/","title":{"rendered":"La Fundaci\u00f3 de Graduats Socials mant\u00e9 el servei d&#8217;orientaci\u00f3 jur\u00eddic gratuit"},"content":{"rendered":"<p>La Fundaci\u00f3 vol mostrar solidaritat amb els que no tenen recursos econ\u00f2mics i orienten precisament en mat\u00e8ria laboral i de seguretat social, i posa a l&#8217;servei de l&#8217;ciutad\u00e0 l&#8217;Oficina d&#8217;Orientaci\u00f3 juridicolaboral.<\/p>\n<p>Aquest servei d&#8217;avaluaci\u00f3 personal, de car\u00e0cter informatiu i orientatiu, es porta a terme de forma gratu\u00efta, per professionals, m\u00e9s de 60 Graduats Socials voluntaris que se sumen de forma desinteressada a aquesta iniciativa.<\/p>\n<p>Els col\u00b7legiats orienten en temes relacionats amb acomiadaments, reclamaci\u00f3 salarial, prestacions de la Seguretat Social, entre d&#8217;altres. En aquesta oportunitat, va participar el col\u00b7legiat Vicente Planells Roig. L&#8217;oficina est\u00e0 oberta dimarts i dijous amb cita pr\u00e8via: www.fundaciograduatssocials.es\/contacto\/<\/p>\n","protected":false},"excerpt":{"rendered":"<p>La Fundaci\u00f3 vol mostrar solidaritat amb els que no tenen recursos econ\u00f2mics i orienten precisament en mat\u00e8ria laboral i de seguretat social, i posa a l&#8217;servei de l&#8217;ciutad\u00e0 l&#8217;Oficina d&#8217;Orientaci\u00f3 juridicolaboral. Aquest servei d&#8217;avaluaci\u00f3 personal, de car\u00e0cter informatiu i orientatiu, es porta a terme de forma gratu\u00efta, per professionals, m\u00e9s de 60 Graduats Socials voluntaris [&hellip;]<\/p>\n","protected":false},"author":2,"featured_media":2983,"comment_status":"open","ping_status":"open","sticky":false,"template":"","format":"standard","meta":{"footnotes":""},"categories":[20],"tags":[],"class_list":["post-3107","post","type-post","status-publish","format-standard","has-post-thumbnail","hentry","category-noticies-fundacio"],"_links":{"self":[{"href":"https:\/\/fundaciograduatssocials.com\/ca\/wp-json\/wp\/v2\/posts\/3107","targetHints":{"allow":["GET"]}}],"collection":[{"href":"https:\/\/fundaciograduatssocials.com\/ca\/wp-json\/wp\/v2\/posts"}],"about":[{"href":"https:\/\/fundaciograduatssocials.com\/ca\/wp-json\/wp\/v2\/types\/post"}],"author":[{"embeddable":true,"href":"https:\/\/fundaciograduatssocials.com\/ca\/wp-json\/wp\/v2\/users\/2"}],"replies":[{"embeddable":true,"href":"https:\/\/fundaciograduatssocials.com\/ca\/wp-json\/wp\/v2\/comments?post=3107"}],"version-history":[{"count":0,"href":"https:\/\/fundaciograduatssocials.com\/ca\/wp-json\/wp\/v2\/posts\/3107\/revisions"}],"wp:featuredmedia":[{"embeddable":true,"href":"https:\/\/fundaciograduatssocials.com\/ca\/wp-json\/wp\/v2\/media\/2983"}],"wp:attachment":[{"href":"https:\/\/fundaciograduatssocials.com\/ca\/wp-json\/wp\/v2\/media?parent=3107"}],"wp:term":[{"taxonomy":"category","embeddable":true,"href":"https:\/\/fundaciograduatssocials.com\/ca\/wp-json\/wp\/v2\/categories?post=3107"},{"taxonomy":"post_tag","embeddable":true,"href":"https:\/\/fundaciograduatssocials.com\/ca\/wp-json\/wp\/v2\/tags?post=3107"}],"curies":[{"name":"wp","href":"https:\/\/api.w.org\/{rel}","templated":true}]}}