{"id":3108,"date":"2020-12-18T11:22:03","date_gmt":"2020-12-18T11:22:03","guid":{"rendered":"https:\/\/fundaciograduatssocials.com\/2020\/12\/18\/reunio-del-patronat-de-la-fundacio-de-graduats-socials-illes-balears-2\/"},"modified":"2020-12-18T11:22:03","modified_gmt":"2020-12-18T11:22:03","slug":"reunio-del-patronat-de-la-fundacio-de-graduats-socials-illes-balears-2","status":"publish","type":"post","link":"https:\/\/fundaciograduatssocials.com\/ca\/2020\/12\/18\/reunio-del-patronat-de-la-fundacio-de-graduats-socials-illes-balears-2\/","title":{"rendered":"Reuni\u00f3 del Patronat de la Fundaci\u00f3 de Graduats Socials Illes Balears"},"content":{"rendered":"<p>S&#8217;ha celebrat la reuni\u00f3 del Patronat de la Fundaci\u00f3 de Graduats Socials de les Illes Balears a la seu del Col\u00b7legi. Aquest any, a causa de l&#8217;actual pand\u00e8mia de Covid-19, i per protocol de seguretat, s&#8217;ha realitzat de forma virtual. A la seu de Col\u00b7legi han participat la presidenta Apol\u00b7l\u00f2nia Juli\u00e0 i el tresorer Federico Hermosel.<\/p>\n<p>La Fundaci\u00f3 de Graduats Socials neix amb l&#8217;objectiu d&#8217;enfortir a l&#8217;Il\u00b7lustre Col\u00b7legi de Graduats Socials de les Illes Balears com a instituci\u00f3 i entitat, que sempre ha vetllat per la just\u00edcia laboral i que sempre ha estat a prop de ciutad\u00e0 i treballador en el seu assessorament en Dret de Treball i Seguretat Social, a m\u00e9s de temes fiscals.<\/p>\n","protected":false},"excerpt":{"rendered":"<p>S&#8217;ha celebrat la reuni\u00f3 del Patronat de la Fundaci\u00f3 de Graduats Socials de les Illes Balears a la seu del Col\u00b7legi. Aquest any, a causa de l&#8217;actual pand\u00e8mia de Covid-19, i per protocol de seguretat, s&#8217;ha realitzat de forma virtual. A la seu de Col\u00b7legi han participat la presidenta Apol\u00b7l\u00f2nia Juli\u00e0 i el tresorer Federico [&hellip;]<\/p>\n","protected":false},"author":2,"featured_media":2981,"comment_status":"open","ping_status":"open","sticky":false,"template":"","format":"standard","meta":{"footnotes":""},"categories":[20],"tags":[],"class_list":["post-3108","post","type-post","status-publish","format-standard","has-post-thumbnail","hentry","category-noticies-fundacio"],"_links":{"self":[{"href":"https:\/\/fundaciograduatssocials.com\/ca\/wp-json\/wp\/v2\/posts\/3108","targetHints":{"allow":["GET"]}}],"collection":[{"href":"https:\/\/fundaciograduatssocials.com\/ca\/wp-json\/wp\/v2\/posts"}],"about":[{"href":"https:\/\/fundaciograduatssocials.com\/ca\/wp-json\/wp\/v2\/types\/post"}],"author":[{"embeddable":true,"href":"https:\/\/fundaciograduatssocials.com\/ca\/wp-json\/wp\/v2\/users\/2"}],"replies":[{"embeddable":true,"href":"https:\/\/fundaciograduatssocials.com\/ca\/wp-json\/wp\/v2\/comments?post=3108"}],"version-history":[{"count":0,"href":"https:\/\/fundaciograduatssocials.com\/ca\/wp-json\/wp\/v2\/posts\/3108\/revisions"}],"wp:featuredmedia":[{"embeddable":true,"href":"https:\/\/fundaciograduatssocials.com\/ca\/wp-json\/wp\/v2\/media\/2981"}],"wp:attachment":[{"href":"https:\/\/fundaciograduatssocials.com\/ca\/wp-json\/wp\/v2\/media?parent=3108"}],"wp:term":[{"taxonomy":"category","embeddable":true,"href":"https:\/\/fundaciograduatssocials.com\/ca\/wp-json\/wp\/v2\/categories?post=3108"},{"taxonomy":"post_tag","embeddable":true,"href":"https:\/\/fundaciograduatssocials.com\/ca\/wp-json\/wp\/v2\/tags?post=3108"}],"curies":[{"name":"wp","href":"https:\/\/api.w.org\/{rel}","templated":true}]}}