{"id":3113,"date":"2020-12-18T11:12:09","date_gmt":"2020-12-18T11:12:09","guid":{"rendered":"https:\/\/fundaciograduatssocials.com\/2020\/12\/18\/jose-manuel-raya-imparteix-sobre-consideracions-practiques-i-perills-en-extincions-per-causes-objectives-de-pymes\/"},"modified":"2020-12-18T11:12:09","modified_gmt":"2020-12-18T11:12:09","slug":"jose-manuel-raya-imparteix-sobre-consideracions-practiques-i-perills-en-extincions-per-causes-objectives-de-pymes","status":"publish","type":"post","link":"https:\/\/fundaciograduatssocials.com\/ca\/2020\/12\/18\/jose-manuel-raya-imparteix-sobre-consideracions-practiques-i-perills-en-extincions-per-causes-objectives-de-pymes\/","title":{"rendered":"Jos\u00e9 Manuel Raya imparteix sobre &#8220;Consideracions pr\u00e0ctiques i perills en extincions per causes objectives de Pymes&#8221;"},"content":{"rendered":"<p>La Fundaci\u00f3 de Graduats Socials de les Illes Balears en col\u00b7laboraci\u00f3 amb el Il\u00b7lustre Col\u00b7legi Oficial de Graduats Socials de les Illes Balears van organitzar una formaci\u00f3 sobre &#8220;Consideracions pr\u00e0ctiques i perills en extincions per causes objectives de Pimes&#8221; amb Jos\u00e9 Manuel Raya, Graduat social i advocat.<\/p>\n<p>En el programa es van tractar temes com opcions i riscos fins 2021.01.31 per la &#8220;prohibici\u00f3&#8221; d&#8217;extincions per causes objectives derivades de l&#8217;Covid-19, q\u00fcestions a considerar a l&#8217;hora de plantejar extincions per causes econ\u00f2miques o productives, requisits formals de la comunicaci\u00f3 i riscos d&#8217;improced\u00e8ncia, entre d&#8217;altres.<\/p>\n<p>A causa de la situaci\u00f3 d&#8217;emerg\u00e8ncia actual a les Illes Balears, la formaci\u00f3 es va dur a terme en online.<\/p>\n","protected":false},"excerpt":{"rendered":"<p>La Fundaci\u00f3 de Graduats Socials de les Illes Balears en col\u00b7laboraci\u00f3 amb el Il\u00b7lustre Col\u00b7legi Oficial de Graduats Socials de les Illes Balears van organitzar una formaci\u00f3 sobre &#8220;Consideracions pr\u00e0ctiques i perills en extincions per causes objectives de Pimes&#8221; amb Jos\u00e9 Manuel Raya, Graduat social i advocat. En el programa es van tractar temes com [&hellip;]<\/p>\n","protected":false},"author":2,"featured_media":2984,"comment_status":"open","ping_status":"open","sticky":false,"template":"","format":"standard","meta":{"footnotes":""},"categories":[20],"tags":[],"class_list":["post-3113","post","type-post","status-publish","format-standard","has-post-thumbnail","hentry","category-noticies-fundacio"],"_links":{"self":[{"href":"https:\/\/fundaciograduatssocials.com\/ca\/wp-json\/wp\/v2\/posts\/3113","targetHints":{"allow":["GET"]}}],"collection":[{"href":"https:\/\/fundaciograduatssocials.com\/ca\/wp-json\/wp\/v2\/posts"}],"about":[{"href":"https:\/\/fundaciograduatssocials.com\/ca\/wp-json\/wp\/v2\/types\/post"}],"author":[{"embeddable":true,"href":"https:\/\/fundaciograduatssocials.com\/ca\/wp-json\/wp\/v2\/users\/2"}],"replies":[{"embeddable":true,"href":"https:\/\/fundaciograduatssocials.com\/ca\/wp-json\/wp\/v2\/comments?post=3113"}],"version-history":[{"count":0,"href":"https:\/\/fundaciograduatssocials.com\/ca\/wp-json\/wp\/v2\/posts\/3113\/revisions"}],"wp:featuredmedia":[{"embeddable":true,"href":"https:\/\/fundaciograduatssocials.com\/ca\/wp-json\/wp\/v2\/media\/2984"}],"wp:attachment":[{"href":"https:\/\/fundaciograduatssocials.com\/ca\/wp-json\/wp\/v2\/media?parent=3113"}],"wp:term":[{"taxonomy":"category","embeddable":true,"href":"https:\/\/fundaciograduatssocials.com\/ca\/wp-json\/wp\/v2\/categories?post=3113"},{"taxonomy":"post_tag","embeddable":true,"href":"https:\/\/fundaciograduatssocials.com\/ca\/wp-json\/wp\/v2\/tags?post=3113"}],"curies":[{"name":"wp","href":"https:\/\/api.w.org\/{rel}","templated":true}]}}