{"id":3114,"date":"2020-09-29T17:16:41","date_gmt":"2020-09-29T17:16:41","guid":{"rendered":"https:\/\/fundaciograduatssocials.com\/2020\/09\/29\/reunio-del-patronat-de-la-fundacio-de-graduats-socials-de-les-illes-balears\/"},"modified":"2020-09-29T17:16:41","modified_gmt":"2020-09-29T17:16:41","slug":"reunio-del-patronat-de-la-fundacio-de-graduats-socials-de-les-illes-balears","status":"publish","type":"post","link":"https:\/\/fundaciograduatssocials.com\/ca\/2020\/09\/29\/reunio-del-patronat-de-la-fundacio-de-graduats-socials-de-les-illes-balears\/","title":{"rendered":"Reuni\u00f3 del Patronat de la Fundaci\u00f3 de Graduats Socials de les Illes Balears"},"content":{"rendered":"<p>Reuni\u00f3 del Patronat de la Fundaci\u00f3 de Graduats Socials de les Illes Balears S&#8217;ha celebrat la reuni\u00f3 del Patronat de la Fundaci\u00f3 de Graduats Socials de les Illes Balears a la seu del Col\u00b7legi. Aquest any, a causa de l&#8217;actual pand\u00e8mia de Covid-19, i per protocol de seguretat, s&#8217;ha realitzat de forma virtual. A la seu de el Col\u00b7legi ha participat la presidenta Apol\u00b7l\u00f2nia Juli\u00e0, el tresorer Federico Hermosel i els vocals Adela Soriano, Azucena L\u00f3pez i Daniel Ruiz.<\/p>\n<p>La Fundaci\u00f3 de Graduats Socials neix amb l&#8217;objectiu d&#8217;enfortir a l&#8217;Il\u00b7lustre Col\u00b7legi de Graduats Socials de les Illes Balears com a instituci\u00f3 i entitat, que sempre ha vetllat per la just\u00edcia laboral i que sempre ha estat a prop de l&#8217;ciutad\u00e0, i treballador en el seu assessorament en Dret de l&#8217;Treball i Seguretat Social, a m\u00e9s de temes fiscals.<\/p>\n","protected":false},"excerpt":{"rendered":"<p>Reuni\u00f3 del Patronat de la Fundaci\u00f3 de Graduats Socials de les Illes Balears S&#8217;ha celebrat la reuni\u00f3 del Patronat de la Fundaci\u00f3 de Graduats Socials de les Illes Balears a la seu del Col\u00b7legi. Aquest any, a causa de l&#8217;actual pand\u00e8mia de Covid-19, i per protocol de seguretat, s&#8217;ha realitzat de forma virtual. A la [&hellip;]<\/p>\n","protected":false},"author":2,"featured_media":2985,"comment_status":"open","ping_status":"open","sticky":false,"template":"","format":"standard","meta":{"footnotes":""},"categories":[20],"tags":[],"class_list":["post-3114","post","type-post","status-publish","format-standard","has-post-thumbnail","hentry","category-noticies-fundacio"],"_links":{"self":[{"href":"https:\/\/fundaciograduatssocials.com\/ca\/wp-json\/wp\/v2\/posts\/3114","targetHints":{"allow":["GET"]}}],"collection":[{"href":"https:\/\/fundaciograduatssocials.com\/ca\/wp-json\/wp\/v2\/posts"}],"about":[{"href":"https:\/\/fundaciograduatssocials.com\/ca\/wp-json\/wp\/v2\/types\/post"}],"author":[{"embeddable":true,"href":"https:\/\/fundaciograduatssocials.com\/ca\/wp-json\/wp\/v2\/users\/2"}],"replies":[{"embeddable":true,"href":"https:\/\/fundaciograduatssocials.com\/ca\/wp-json\/wp\/v2\/comments?post=3114"}],"version-history":[{"count":0,"href":"https:\/\/fundaciograduatssocials.com\/ca\/wp-json\/wp\/v2\/posts\/3114\/revisions"}],"wp:featuredmedia":[{"embeddable":true,"href":"https:\/\/fundaciograduatssocials.com\/ca\/wp-json\/wp\/v2\/media\/2985"}],"wp:attachment":[{"href":"https:\/\/fundaciograduatssocials.com\/ca\/wp-json\/wp\/v2\/media?parent=3114"}],"wp:term":[{"taxonomy":"category","embeddable":true,"href":"https:\/\/fundaciograduatssocials.com\/ca\/wp-json\/wp\/v2\/categories?post=3114"},{"taxonomy":"post_tag","embeddable":true,"href":"https:\/\/fundaciograduatssocials.com\/ca\/wp-json\/wp\/v2\/tags?post=3114"}],"curies":[{"name":"wp","href":"https:\/\/api.w.org\/{rel}","templated":true}]}}