{"id":3115,"date":"2020-03-13T13:36:25","date_gmt":"2020-03-13T13:36:25","guid":{"rendered":"https:\/\/fundaciograduatssocials.com\/2020\/03\/13\/ajornament-actes-i-serveis-fundacio\/"},"modified":"2020-03-13T13:36:25","modified_gmt":"2020-03-13T13:36:25","slug":"ajornament-actes-i-serveis-fundacio","status":"publish","type":"post","link":"https:\/\/fundaciograduatssocials.com\/ca\/2020\/03\/13\/ajornament-actes-i-serveis-fundacio\/","title":{"rendered":"Ajornament actes i serveis Fundaci\u00f3"},"content":{"rendered":"<p>La Comissi\u00f3 Executiva de la Fundaci\u00f3 de Graduats Socials de les Illes Balears, davant la situaci\u00f3 d&#8217;emerg\u00e8ncia de salut p\u00fablica a causa de l&#8217;coronavirus i d&#8217;acord amb les instruccions donades pels ministeris de Salut i Treball, aix\u00ed com el Govern Illes Balears, ha acordat SUSPENDRE TEMPORALMENT el Servei d&#8217;Orientaci\u00f3 Jur\u00eddic-Laboral i totes les activitats de formaci\u00f3 amb l&#8217;objecte de minimitzar els riscos de contagi.<\/p>\n","protected":false},"excerpt":{"rendered":"<p>La Comissi\u00f3 Executiva de la Fundaci\u00f3 de Graduats Socials de les Illes Balears, davant la situaci\u00f3 d&#8217;emerg\u00e8ncia de salut p\u00fablica a causa de l&#8217;coronavirus i d&#8217;acord amb les instruccions donades pels ministeris de Salut i Treball, aix\u00ed com el Govern Illes Balears, ha acordat SUSPENDRE TEMPORALMENT el Servei d&#8217;Orientaci\u00f3 Jur\u00eddic-Laboral i totes les activitats de [&hellip;]<\/p>\n","protected":false},"author":2,"featured_media":2987,"comment_status":"open","ping_status":"open","sticky":false,"template":"","format":"standard","meta":{"footnotes":""},"categories":[20],"tags":[],"class_list":["post-3115","post","type-post","status-publish","format-standard","has-post-thumbnail","hentry","category-noticies-fundacio"],"_links":{"self":[{"href":"https:\/\/fundaciograduatssocials.com\/ca\/wp-json\/wp\/v2\/posts\/3115","targetHints":{"allow":["GET"]}}],"collection":[{"href":"https:\/\/fundaciograduatssocials.com\/ca\/wp-json\/wp\/v2\/posts"}],"about":[{"href":"https:\/\/fundaciograduatssocials.com\/ca\/wp-json\/wp\/v2\/types\/post"}],"author":[{"embeddable":true,"href":"https:\/\/fundaciograduatssocials.com\/ca\/wp-json\/wp\/v2\/users\/2"}],"replies":[{"embeddable":true,"href":"https:\/\/fundaciograduatssocials.com\/ca\/wp-json\/wp\/v2\/comments?post=3115"}],"version-history":[{"count":0,"href":"https:\/\/fundaciograduatssocials.com\/ca\/wp-json\/wp\/v2\/posts\/3115\/revisions"}],"wp:featuredmedia":[{"embeddable":true,"href":"https:\/\/fundaciograduatssocials.com\/ca\/wp-json\/wp\/v2\/media\/2987"}],"wp:attachment":[{"href":"https:\/\/fundaciograduatssocials.com\/ca\/wp-json\/wp\/v2\/media?parent=3115"}],"wp:term":[{"taxonomy":"category","embeddable":true,"href":"https:\/\/fundaciograduatssocials.com\/ca\/wp-json\/wp\/v2\/categories?post=3115"},{"taxonomy":"post_tag","embeddable":true,"href":"https:\/\/fundaciograduatssocials.com\/ca\/wp-json\/wp\/v2\/tags?post=3115"}],"curies":[{"name":"wp","href":"https:\/\/api.w.org\/{rel}","templated":true}]}}