{"id":3116,"date":"2019-06-14T08:53:59","date_gmt":"2019-06-14T08:53:59","guid":{"rendered":"https:\/\/fundaciograduatssocials.com\/2019\/06\/14\/seminari-fiscalitat-de-larrendament-vacacional\/"},"modified":"2019-06-14T08:53:59","modified_gmt":"2019-06-14T08:53:59","slug":"seminari-fiscalitat-de-larrendament-vacacional","status":"publish","type":"post","link":"https:\/\/fundaciograduatssocials.com\/ca\/2019\/06\/14\/seminari-fiscalitat-de-larrendament-vacacional\/","title":{"rendered":"Seminari fiscalitat de l&#8217;arrendament vacacional"},"content":{"rendered":"<p>Dimecres, dia 12 de juny, la Fundaci\u00f3 de Graduats Socials de les Illes Balears en col\u00b7laboraci\u00f3 amb el Il\u00b7 lustre Col\u00b7 legi Oficial de Graduats Socials van organitzar el seminari &#8220;Fiscalitat de l&#8217;arrendament vacacional&#8221;, impartit per Vicente Arbona, t\u00e8cnic d&#8217;Hisenda, i presentat per Federico Hermosel, Tresorer del Col\u00b7legi.<\/p>\n<p>La sessi\u00f3, dirigida tant a col\u00b7legiats com a externs, constava de quatre blocs diferenciats. En el primer d&#8217;ells s&#8217;analitzava la casu\u00edstica que afecta els arrendaments efectuats directament pel propietari als seus clients. La segona part feia el mateix amb els aquells realitzats pel propietari a una empresa comercialitzadora que actua en nom propi, mentre que el tercer apartat abordava els casos en qu\u00e8 aquesta \u00faltima actua en nom ali\u00e8. Finalment, el bloc final exposava els detalls de la declaraci\u00f3 informativa sobre la cessi\u00f3 d&#8217;\u00fas d&#8217;habitatges amb finalitats tur\u00edstiques.<\/p>\n","protected":false},"excerpt":{"rendered":"<p>Dimecres, dia 12 de juny, la Fundaci\u00f3 de Graduats Socials de les Illes Balears en col\u00b7laboraci\u00f3 amb el Il\u00b7 lustre Col\u00b7 legi Oficial de Graduats Socials van organitzar el seminari &#8220;Fiscalitat de l&#8217;arrendament vacacional&#8221;, impartit per Vicente Arbona, t\u00e8cnic d&#8217;Hisenda, i presentat per Federico Hermosel, Tresorer del Col\u00b7legi. La sessi\u00f3, dirigida tant a col\u00b7legiats com [&hellip;]<\/p>\n","protected":false},"author":2,"featured_media":2993,"comment_status":"open","ping_status":"open","sticky":false,"template":"","format":"standard","meta":{"footnotes":""},"categories":[20],"tags":[],"class_list":["post-3116","post","type-post","status-publish","format-standard","has-post-thumbnail","hentry","category-noticies-fundacio"],"_links":{"self":[{"href":"https:\/\/fundaciograduatssocials.com\/ca\/wp-json\/wp\/v2\/posts\/3116","targetHints":{"allow":["GET"]}}],"collection":[{"href":"https:\/\/fundaciograduatssocials.com\/ca\/wp-json\/wp\/v2\/posts"}],"about":[{"href":"https:\/\/fundaciograduatssocials.com\/ca\/wp-json\/wp\/v2\/types\/post"}],"author":[{"embeddable":true,"href":"https:\/\/fundaciograduatssocials.com\/ca\/wp-json\/wp\/v2\/users\/2"}],"replies":[{"embeddable":true,"href":"https:\/\/fundaciograduatssocials.com\/ca\/wp-json\/wp\/v2\/comments?post=3116"}],"version-history":[{"count":0,"href":"https:\/\/fundaciograduatssocials.com\/ca\/wp-json\/wp\/v2\/posts\/3116\/revisions"}],"wp:featuredmedia":[{"embeddable":true,"href":"https:\/\/fundaciograduatssocials.com\/ca\/wp-json\/wp\/v2\/media\/2993"}],"wp:attachment":[{"href":"https:\/\/fundaciograduatssocials.com\/ca\/wp-json\/wp\/v2\/media?parent=3116"}],"wp:term":[{"taxonomy":"category","embeddable":true,"href":"https:\/\/fundaciograduatssocials.com\/ca\/wp-json\/wp\/v2\/categories?post=3116"},{"taxonomy":"post_tag","embeddable":true,"href":"https:\/\/fundaciograduatssocials.com\/ca\/wp-json\/wp\/v2\/tags?post=3116"}],"curies":[{"name":"wp","href":"https:\/\/api.w.org\/{rel}","templated":true}]}}