{"id":3117,"date":"2021-04-16T09:03:52","date_gmt":"2021-04-16T09:03:52","guid":{"rendered":"https:\/\/fundaciograduatssocials.com\/2021\/04\/16\/reunio-membres-de-la-fundacio\/"},"modified":"2021-04-16T09:03:52","modified_gmt":"2021-04-16T09:03:52","slug":"reunio-membres-de-la-fundacio","status":"publish","type":"post","link":"https:\/\/fundaciograduatssocials.com\/ca\/2021\/04\/16\/reunio-membres-de-la-fundacio\/","title":{"rendered":"Reuni\u00f3 membres de la Fundaci\u00f3"},"content":{"rendered":"<p>Membres de la Fundaci\u00f3 de Graduats Sociales de les Ills Balears, es van reunir per tractar el tema de la Formaci\u00f3 Incorpora-Caixabank.Asistieron:<br \/>\nAssisteixen: Sra M\u00aa Gr\u00e0cia Matas, Sra Apol\u00b7l\u00f2nia M. Juli\u00e0, D. Pere Mir, Sra Emilia Goyanes, D. Jes\u00fas Avil\u00e9s i D. Daniel Ruiz, membres de la Fundaci\u00f3.<\/p>\n","protected":false},"excerpt":{"rendered":"<p>Membres de la Fundaci\u00f3 de Graduats Sociales de les Ills Balears, es van reunir per tractar el tema de la Formaci\u00f3 Incorpora-Caixabank.Asistieron: Assisteixen: Sra M\u00aa Gr\u00e0cia Matas, Sra Apol\u00b7l\u00f2nia M. Juli\u00e0, D. Pere Mir, Sra Emilia Goyanes, D. Jes\u00fas Avil\u00e9s i D. Daniel Ruiz, membres de la Fundaci\u00f3.<\/p>\n","protected":false},"author":2,"featured_media":2980,"comment_status":"open","ping_status":"open","sticky":false,"template":"","format":"standard","meta":{"footnotes":""},"categories":[20],"tags":[],"class_list":["post-3117","post","type-post","status-publish","format-standard","has-post-thumbnail","hentry","category-noticies-fundacio"],"_links":{"self":[{"href":"https:\/\/fundaciograduatssocials.com\/ca\/wp-json\/wp\/v2\/posts\/3117","targetHints":{"allow":["GET"]}}],"collection":[{"href":"https:\/\/fundaciograduatssocials.com\/ca\/wp-json\/wp\/v2\/posts"}],"about":[{"href":"https:\/\/fundaciograduatssocials.com\/ca\/wp-json\/wp\/v2\/types\/post"}],"author":[{"embeddable":true,"href":"https:\/\/fundaciograduatssocials.com\/ca\/wp-json\/wp\/v2\/users\/2"}],"replies":[{"embeddable":true,"href":"https:\/\/fundaciograduatssocials.com\/ca\/wp-json\/wp\/v2\/comments?post=3117"}],"version-history":[{"count":0,"href":"https:\/\/fundaciograduatssocials.com\/ca\/wp-json\/wp\/v2\/posts\/3117\/revisions"}],"wp:featuredmedia":[{"embeddable":true,"href":"https:\/\/fundaciograduatssocials.com\/ca\/wp-json\/wp\/v2\/media\/2980"}],"wp:attachment":[{"href":"https:\/\/fundaciograduatssocials.com\/ca\/wp-json\/wp\/v2\/media?parent=3117"}],"wp:term":[{"taxonomy":"category","embeddable":true,"href":"https:\/\/fundaciograduatssocials.com\/ca\/wp-json\/wp\/v2\/categories?post=3117"},{"taxonomy":"post_tag","embeddable":true,"href":"https:\/\/fundaciograduatssocials.com\/ca\/wp-json\/wp\/v2\/tags?post=3117"}],"curies":[{"name":"wp","href":"https:\/\/api.w.org\/{rel}","templated":true}]}}