{"id":3118,"date":"2020-03-06T15:27:22","date_gmt":"2020-03-06T15:27:22","guid":{"rendered":"https:\/\/fundaciograduatssocials.com\/2020\/03\/06\/iv-edicio-curs-formatiu-sobre-la-prestacio-de-jubilacio-nivell-avancat\/"},"modified":"2020-03-06T15:27:22","modified_gmt":"2020-03-06T15:27:22","slug":"iv-edicio-curs-formatiu-sobre-la-prestacio-de-jubilacio-nivell-avancat","status":"publish","type":"post","link":"https:\/\/fundaciograduatssocials.com\/ca\/2020\/03\/06\/iv-edicio-curs-formatiu-sobre-la-prestacio-de-jubilacio-nivell-avancat\/","title":{"rendered":"IV edici\u00f3 curs formatiu sobre la prestaci\u00f3 de jubilaci\u00f3: Nivell Avan\u00e7at"},"content":{"rendered":"<p>Els dies 3 i 5 de mar\u00e7 es va celebrar la IV Edici\u00f3 del Curs Formatiu sobre la Prestaci\u00f3 de Jubilaci\u00f3: Nivell Avan\u00e7at, organitzat per la Fundaci\u00f3 de Graduats Socials de les Illes Balears en col\u00b7laboraci\u00f3 amb el Il\u00b7lustre Col\u00b7legi Oficial de Graduats Socials de les Illes Balears.<\/p>\n<p>La formaci\u00f3 estava composta per un total de dues sessions que van ser dirigides per Jos\u00e9 Mar\u00eda Solera, sotsdirector provincial de Jubilaci\u00f3 i Superviv\u00e8ncia de l&#8217;INSS de les Illes Balears.<\/p>\n<p>L&#8217;objectiu del curs consisteix en actualitzar els coneixements jur\u00eddics dels assistents sobre la prestaci\u00f3 de jubilaci\u00f3 en la seva modalitat contributiva. Es pret\u00e9n que els alumnes siguin capa\u00e7os de con\u00e8ixer els requisits d&#8217;acc\u00e9s a la jubilaci\u00f3 ordin\u00e0ria del sistema de seguretat social, quantificar l&#8217;import econ\u00f2mic de la prestaci\u00f3 de jubilaci\u00f3 ordin\u00e0ria i con\u00e8ixer el r\u00e8gim de compatibilitats i incompatibilitats que hi ha una vegada reconegut el dret.<\/p>\n","protected":false},"excerpt":{"rendered":"<p>Els dies 3 i 5 de mar\u00e7 es va celebrar la IV Edici\u00f3 del Curs Formatiu sobre la Prestaci\u00f3 de Jubilaci\u00f3: Nivell Avan\u00e7at, organitzat per la Fundaci\u00f3 de Graduats Socials de les Illes Balears en col\u00b7laboraci\u00f3 amb el Il\u00b7lustre Col\u00b7legi Oficial de Graduats Socials de les Illes Balears. La formaci\u00f3 estava composta per un total [&hellip;]<\/p>\n","protected":false},"author":2,"featured_media":2988,"comment_status":"open","ping_status":"open","sticky":false,"template":"","format":"standard","meta":{"footnotes":""},"categories":[20],"tags":[],"class_list":["post-3118","post","type-post","status-publish","format-standard","has-post-thumbnail","hentry","category-noticies-fundacio"],"_links":{"self":[{"href":"https:\/\/fundaciograduatssocials.com\/ca\/wp-json\/wp\/v2\/posts\/3118","targetHints":{"allow":["GET"]}}],"collection":[{"href":"https:\/\/fundaciograduatssocials.com\/ca\/wp-json\/wp\/v2\/posts"}],"about":[{"href":"https:\/\/fundaciograduatssocials.com\/ca\/wp-json\/wp\/v2\/types\/post"}],"author":[{"embeddable":true,"href":"https:\/\/fundaciograduatssocials.com\/ca\/wp-json\/wp\/v2\/users\/2"}],"replies":[{"embeddable":true,"href":"https:\/\/fundaciograduatssocials.com\/ca\/wp-json\/wp\/v2\/comments?post=3118"}],"version-history":[{"count":0,"href":"https:\/\/fundaciograduatssocials.com\/ca\/wp-json\/wp\/v2\/posts\/3118\/revisions"}],"wp:featuredmedia":[{"embeddable":true,"href":"https:\/\/fundaciograduatssocials.com\/ca\/wp-json\/wp\/v2\/media\/2988"}],"wp:attachment":[{"href":"https:\/\/fundaciograduatssocials.com\/ca\/wp-json\/wp\/v2\/media?parent=3118"}],"wp:term":[{"taxonomy":"category","embeddable":true,"href":"https:\/\/fundaciograduatssocials.com\/ca\/wp-json\/wp\/v2\/categories?post=3118"},{"taxonomy":"post_tag","embeddable":true,"href":"https:\/\/fundaciograduatssocials.com\/ca\/wp-json\/wp\/v2\/tags?post=3118"}],"curies":[{"name":"wp","href":"https:\/\/api.w.org\/{rel}","templated":true}]}}