{"id":3119,"date":"2020-02-12T12:54:52","date_gmt":"2020-02-12T12:54:52","guid":{"rendered":"https:\/\/fundaciograduatssocials.com\/2020\/02\/12\/ii-edicio-del-curs-formatiu-sobre-la-prestacio-de-jubilacio-nivell-basic\/"},"modified":"2020-02-12T12:54:52","modified_gmt":"2020-02-12T12:54:52","slug":"ii-edicio-del-curs-formatiu-sobre-la-prestacio-de-jubilacio-nivell-basic","status":"publish","type":"post","link":"https:\/\/fundaciograduatssocials.com\/ca\/2020\/02\/12\/ii-edicio-del-curs-formatiu-sobre-la-prestacio-de-jubilacio-nivell-basic\/","title":{"rendered":"II Edici\u00f3 del curs formatiu sobre la prestaci\u00f3 de jubilaci\u00f3: Nivell B\u00e0sic"},"content":{"rendered":"<p>Dimarts, dia 11 de febrer, es va celebrar la II Edici\u00f3 de el Curs Formatiu sobre la Prestaci\u00f3 de Jubilaci\u00f3: Nivell B\u00e0sic, organitzat per la Fundaci\u00f3 de Graduats Socials de les Illes Balears en col\u00b7laboraci\u00f3 amb el Il\u00b7lustre Col\u00b7legi Oficial de Graduats Socials de les Illes Balears.<\/p>\n<p>La primera de les dues sessions de qu\u00e8 consta el curs va ser impartida per Jos\u00e9 Mar\u00eda Solera, sotsdirector provincial de Jubilaci\u00f3 i Superviv\u00e8ncia de l&#8217;INSS de les Illes Balears. La presentaci\u00f3 de l&#8217;acte va anar a c\u00e0rrec de Federico Hermosel, tresorer del Col\u00b7legi.<\/p>\n<p>L&#8217;objectiu d&#8217;aquesta formaci\u00f3 no \u00e9s altra que actualitzar els coneixements jur\u00eddics dels assistents sobre la prestaci\u00f3 de jubilaci\u00f3 en la seva modalitat contributiva. Es pret\u00e9n que els alumnes siguin capa\u00e7os de con\u00e8ixer els requisits d&#8217;acc\u00e9s a la jubilaci\u00f3 ordin\u00e0ria del sistema de seguretat social, quantificar l&#8217;import econ\u00f2mic de la prestaci\u00f3 de jubilaci\u00f3 ordin\u00e0ria i con\u00e8ixer quin \u00e9s el r\u00e8gim de compatibilitats i incompatibilitats que hi ha una vegada reconegut el dret .<\/p>\n<p>Cal recordar que durant els dies 3 i 5 de mar\u00e7 est\u00e0 previst que es realitzi la IV Edici\u00f3 de el Curs de Jubilaci\u00f3: Nivell Avan\u00e7at.<\/p>\n","protected":false},"excerpt":{"rendered":"<p>Dimarts, dia 11 de febrer, es va celebrar la II Edici\u00f3 de el Curs Formatiu sobre la Prestaci\u00f3 de Jubilaci\u00f3: Nivell B\u00e0sic, organitzat per la Fundaci\u00f3 de Graduats Socials de les Illes Balears en col\u00b7laboraci\u00f3 amb el Il\u00b7lustre Col\u00b7legi Oficial de Graduats Socials de les Illes Balears. La primera de les dues sessions de qu\u00e8 [&hellip;]<\/p>\n","protected":false},"author":2,"featured_media":2989,"comment_status":"open","ping_status":"open","sticky":false,"template":"","format":"standard","meta":{"footnotes":""},"categories":[20],"tags":[],"class_list":["post-3119","post","type-post","status-publish","format-standard","has-post-thumbnail","hentry","category-noticies-fundacio"],"_links":{"self":[{"href":"https:\/\/fundaciograduatssocials.com\/ca\/wp-json\/wp\/v2\/posts\/3119","targetHints":{"allow":["GET"]}}],"collection":[{"href":"https:\/\/fundaciograduatssocials.com\/ca\/wp-json\/wp\/v2\/posts"}],"about":[{"href":"https:\/\/fundaciograduatssocials.com\/ca\/wp-json\/wp\/v2\/types\/post"}],"author":[{"embeddable":true,"href":"https:\/\/fundaciograduatssocials.com\/ca\/wp-json\/wp\/v2\/users\/2"}],"replies":[{"embeddable":true,"href":"https:\/\/fundaciograduatssocials.com\/ca\/wp-json\/wp\/v2\/comments?post=3119"}],"version-history":[{"count":0,"href":"https:\/\/fundaciograduatssocials.com\/ca\/wp-json\/wp\/v2\/posts\/3119\/revisions"}],"wp:featuredmedia":[{"embeddable":true,"href":"https:\/\/fundaciograduatssocials.com\/ca\/wp-json\/wp\/v2\/media\/2989"}],"wp:attachment":[{"href":"https:\/\/fundaciograduatssocials.com\/ca\/wp-json\/wp\/v2\/media?parent=3119"}],"wp:term":[{"taxonomy":"category","embeddable":true,"href":"https:\/\/fundaciograduatssocials.com\/ca\/wp-json\/wp\/v2\/categories?post=3119"},{"taxonomy":"post_tag","embeddable":true,"href":"https:\/\/fundaciograduatssocials.com\/ca\/wp-json\/wp\/v2\/tags?post=3119"}],"curies":[{"name":"wp","href":"https:\/\/api.w.org\/{rel}","templated":true}]}}