{"id":3120,"date":"2018-02-16T13:23:13","date_gmt":"2018-02-16T13:23:13","guid":{"rendered":"https:\/\/fundaciograduatssocials.com\/2018\/02\/16\/la-fundacio-va-organitzar-dos-dies-de-formacio-sobre-la-prestacio-de-la-jubilacio-contributiva\/"},"modified":"2018-02-16T13:23:13","modified_gmt":"2018-02-16T13:23:13","slug":"la-fundacio-va-organitzar-dos-dies-de-formacio-sobre-la-prestacio-de-la-jubilacio-contributiva","status":"publish","type":"post","link":"https:\/\/fundaciograduatssocials.com\/ca\/2018\/02\/16\/la-fundacio-va-organitzar-dos-dies-de-formacio-sobre-la-prestacio-de-la-jubilacio-contributiva\/","title":{"rendered":"La Fundaci\u00f3 va organitzar dos dies de formaci\u00f3 sobre la prestaci\u00f3 de la jubilaci\u00f3 contributiva"},"content":{"rendered":"<header><span class=\"texto13\">Palma, 7 de febrer de 2018<\/span><\/p>\n<\/header>\n<div class=\"parrafoNoticia\">\n<div class=\"cajaFoto \"><\/div>\n<p><span class=\"texto13\">Jos\u00e9 Mar\u00eda Solera Orbis, Subdirector Provincial de Jubilaci\u00f3 i Superviv\u00e8ncia de l&#8217;INSS de les Illes Balears va realitzar una jornada formativa orientada a graduats socials, amb motiu d\u2019actualitzar els coneixements jur\u00eddics dels assistents sobre la prestaci\u00f3 de la jubilaci\u00f3 en la seva modalitat contributiva.<\/span><\/p>\n<p>A la inauguraci\u00f3 d&#8217;aquesta formaci\u00f3, va assistir la presidenta del Col\u2022legi, Apol\u2022l\u00f2nia Juli\u00e0 qui va donar la benvinguda als assistents a m\u00e9s d&#8217;introduir la iniciativa, els objectius i la import\u00e0ncia de la formaci\u00f3.<\/p>\n<p>L&#8217;objectiu d&#8217;aquesta formaci\u00f3, organitzada per la Fundaci\u00f3 de Graduats Socials i el Col\u2022legi, ha estat que els assistents coneguin els requisits d&#8217;acc\u00e9s a la jubilaci\u00f3 ordin\u00e0ria del sistema de seguretat social, quantificar l&#8217;import econ\u00f2mic de la prestaci\u00f3 de jubilaci\u00f3 ordin\u00e0ria i donar a con\u00e8ixer quin \u00e9s el r\u00e8gim de compatibilitats i incompatibilitats que hi ha una vegada reconegut aquest dret.<\/p>\n<\/div>\n","protected":false},"excerpt":{"rendered":"<p>Palma, 7 de febrer de 2018 Jos\u00e9 Mar\u00eda Solera Orbis, Subdirector Provincial de Jubilaci\u00f3 i Superviv\u00e8ncia de l&#8217;INSS de les Illes Balears va realitzar una jornada formativa orientada a graduats socials, amb motiu d\u2019actualitzar els coneixements jur\u00eddics dels assistents sobre la prestaci\u00f3 de la jubilaci\u00f3 en la seva modalitat contributiva. A la inauguraci\u00f3 d&#8217;aquesta formaci\u00f3, [&hellip;]<\/p>\n","protected":false},"author":2,"featured_media":3008,"comment_status":"open","ping_status":"open","sticky":false,"template":"","format":"standard","meta":{"footnotes":""},"categories":[20],"tags":[],"class_list":["post-3120","post","type-post","status-publish","format-standard","has-post-thumbnail","hentry","category-noticies-fundacio"],"_links":{"self":[{"href":"https:\/\/fundaciograduatssocials.com\/ca\/wp-json\/wp\/v2\/posts\/3120","targetHints":{"allow":["GET"]}}],"collection":[{"href":"https:\/\/fundaciograduatssocials.com\/ca\/wp-json\/wp\/v2\/posts"}],"about":[{"href":"https:\/\/fundaciograduatssocials.com\/ca\/wp-json\/wp\/v2\/types\/post"}],"author":[{"embeddable":true,"href":"https:\/\/fundaciograduatssocials.com\/ca\/wp-json\/wp\/v2\/users\/2"}],"replies":[{"embeddable":true,"href":"https:\/\/fundaciograduatssocials.com\/ca\/wp-json\/wp\/v2\/comments?post=3120"}],"version-history":[{"count":0,"href":"https:\/\/fundaciograduatssocials.com\/ca\/wp-json\/wp\/v2\/posts\/3120\/revisions"}],"wp:featuredmedia":[{"embeddable":true,"href":"https:\/\/fundaciograduatssocials.com\/ca\/wp-json\/wp\/v2\/media\/3008"}],"wp:attachment":[{"href":"https:\/\/fundaciograduatssocials.com\/ca\/wp-json\/wp\/v2\/media?parent=3120"}],"wp:term":[{"taxonomy":"category","embeddable":true,"href":"https:\/\/fundaciograduatssocials.com\/ca\/wp-json\/wp\/v2\/categories?post=3120"},{"taxonomy":"post_tag","embeddable":true,"href":"https:\/\/fundaciograduatssocials.com\/ca\/wp-json\/wp\/v2\/tags?post=3120"}],"curies":[{"name":"wp","href":"https:\/\/api.w.org\/{rel}","templated":true}]}}