{"id":3123,"date":"2017-08-18T10:20:51","date_gmt":"2017-08-18T10:20:51","guid":{"rendered":"https:\/\/fundaciograduatssocials.com\/2017\/08\/18\/la-fundacio-de-graduats-socials-de-les-illes-balears-expressa-la-mes-energica-condemna-de-latemptat-terrorista-ocorregut-ahir-a-barcelona\/"},"modified":"2017-08-18T10:20:51","modified_gmt":"2017-08-18T10:20:51","slug":"la-fundacio-de-graduats-socials-de-les-illes-balears-expressa-la-mes-energica-condemna-de-latemptat-terrorista-ocorregut-ahir-a-barcelona","status":"publish","type":"post","link":"https:\/\/fundaciograduatssocials.com\/ca\/2017\/08\/18\/la-fundacio-de-graduats-socials-de-les-illes-balears-expressa-la-mes-energica-condemna-de-latemptat-terrorista-ocorregut-ahir-a-barcelona\/","title":{"rendered":"La Fundaci\u00f3 de Graduats Socials de les Illes Balears expressa la m\u00e9s en\u00e8rgica condemna de l&#8217;atemptat terrorista ocorregut ahir a Barcelona"},"content":{"rendered":"<p>La Fundaci\u00f3 de Graduats Socials de les Illes Balears expressa la m\u00e9s en\u00e8rgica condemna de l&#8217;atemptat terrorista ocorregut ahir a Barcelona, mostra el seu condol a les v\u00edctimes, posant-se a la seva disposici\u00f3 per a tots els tr\u00e0mits legals necessitin, de forma totalment gratu\u00efta i ofereix a la Generalitat la seva suport incondicional a la lluita antiterrorista. Per una societat m\u00e9s justa i m\u00e9s pac\u00edfica.<\/p>\n","protected":false},"excerpt":{"rendered":"<p>La Fundaci\u00f3 de Graduats Socials de les Illes Balears expressa la m\u00e9s en\u00e8rgica condemna de l&#8217;atemptat terrorista ocorregut ahir a Barcelona, mostra el seu condol a les v\u00edctimes, posant-se a la seva disposici\u00f3 per a tots els tr\u00e0mits legals necessitin, de forma totalment gratu\u00efta i ofereix a la Generalitat la seva suport incondicional a la [&hellip;]<\/p>\n","protected":false},"author":2,"featured_media":3012,"comment_status":"open","ping_status":"open","sticky":false,"template":"","format":"standard","meta":{"footnotes":""},"categories":[20],"tags":[],"class_list":["post-3123","post","type-post","status-publish","format-standard","has-post-thumbnail","hentry","category-noticies-fundacio"],"_links":{"self":[{"href":"https:\/\/fundaciograduatssocials.com\/ca\/wp-json\/wp\/v2\/posts\/3123","targetHints":{"allow":["GET"]}}],"collection":[{"href":"https:\/\/fundaciograduatssocials.com\/ca\/wp-json\/wp\/v2\/posts"}],"about":[{"href":"https:\/\/fundaciograduatssocials.com\/ca\/wp-json\/wp\/v2\/types\/post"}],"author":[{"embeddable":true,"href":"https:\/\/fundaciograduatssocials.com\/ca\/wp-json\/wp\/v2\/users\/2"}],"replies":[{"embeddable":true,"href":"https:\/\/fundaciograduatssocials.com\/ca\/wp-json\/wp\/v2\/comments?post=3123"}],"version-history":[{"count":0,"href":"https:\/\/fundaciograduatssocials.com\/ca\/wp-json\/wp\/v2\/posts\/3123\/revisions"}],"wp:featuredmedia":[{"embeddable":true,"href":"https:\/\/fundaciograduatssocials.com\/ca\/wp-json\/wp\/v2\/media\/3012"}],"wp:attachment":[{"href":"https:\/\/fundaciograduatssocials.com\/ca\/wp-json\/wp\/v2\/media?parent=3123"}],"wp:term":[{"taxonomy":"category","embeddable":true,"href":"https:\/\/fundaciograduatssocials.com\/ca\/wp-json\/wp\/v2\/categories?post=3123"},{"taxonomy":"post_tag","embeddable":true,"href":"https:\/\/fundaciograduatssocials.com\/ca\/wp-json\/wp\/v2\/tags?post=3123"}],"curies":[{"name":"wp","href":"https:\/\/api.w.org\/{rel}","templated":true}]}}