{"id":3127,"date":"2017-09-19T09:08:01","date_gmt":"2017-09-19T09:08:01","guid":{"rendered":"https:\/\/fundaciograduatssocials.com\/2017\/09\/19\/la-fundacio-de-graduats-socials-homenatja-als-integrants-de-loficina-dorientacio-juridic-laboral\/"},"modified":"2017-09-19T09:08:01","modified_gmt":"2017-09-19T09:08:01","slug":"la-fundacio-de-graduats-socials-homenatja-als-integrants-de-loficina-dorientacio-juridic-laboral","status":"publish","type":"post","link":"https:\/\/fundaciograduatssocials.com\/ca\/2017\/09\/19\/la-fundacio-de-graduats-socials-homenatja-als-integrants-de-loficina-dorientacio-juridic-laboral\/","title":{"rendered":"La Fundaci\u00f3 de Graduats Socials homenatja als integrants de l&#8217;Oficina d&#8217;Orientaci\u00f3 Jur\u00eddic-Laboral"},"content":{"rendered":"<p>La Fundaci\u00f3 de Graduats Socials dels Illes Balears en col\u00b7laboraci\u00f3 amb el Col\u00b7legi de Graduats Socials va homenatjar als col\u00b7legiats que en 2016 han col\u00b7laborat de manera desinteressada en l&#8217;Oficina d&#8217;Orientaci\u00f3 Jur\u00eddic-Laboral que t\u00e9 aquest col\u00b7lectiu professional a Mallorca. Aquesta oficina es va constituir en 2011 per ajudar i orientar als ciutadans en mat\u00e8ria laboral i es comptabilitzen gaireb\u00e9 mil consultes anuals.<\/p>\n<p>La presidenta dels Graduats Socials de Balears, Apol.l\u00f2nia Juli\u00e0, es va mostrarmolt satisfeta pel bon funcionament d&#8217;aquesta oficina. \u201cEstem molt orgullosos del treball que heu realitzat de manera desinteressada. Els nombres s\u00f3n molt bons i el resultat de les enquestes que s&#8217;han fet als ciutadans que van acudir a l&#8217;oficina d&#8217;orientaci\u00f3 \u00e9s d&#8217;una gran satisfacci\u00f3\u201d, va indicar la graduat social als integrants d&#8217;aquesta oficina.<\/p>\n<p>Juli\u00e0 va animar als companys que encara no han participat en aquesta oficina ja que la labor que es realitza \u00e9s \u201cmolt gratificant\u201d. \u201c\u00c9s una manera d&#8217;arribar a la gent, d&#8217;ajudar-los en el que podem. A m\u00e9s ens serveix per donar a con\u00e8ixer la figura del Graduat Social. El 90 per cent de les persones que han vingut no coneixien a aquest col\u00b7lectiu professional i el 99 per cent ens ha assegurat que quan hagi de realitzar alguna gesti\u00f3 laboral contactar\u00e0 amb un graduat\u201d, va dir Juli\u00e0.<\/p>\n<p>La relaci\u00f3 d&#8217;integrants en l&#8217;Oficina d&#8217;Orientaci\u00f3 Jur\u00eddic-Laboral de Mallorca en 2016 s\u00f3n Rafael Aguil\u00f3 Ingl\u00e9s, Magdalena Massot Servera, Lorenzo Amengual Colom, M\u00aa Gracia Matas Oliva, Juan Francisco Arg\u00fcelles S\u00e1nchez, Catalina Mu\u00f1oz Servera, Jes\u00fas Avil\u00e9s Mu\u00f1oz, Miguel Mut Barcel\u00f3, Jos\u00e9 Javier Bonet Llull, Francisco Navarro Lid\u00f3n, Bartolom\u00e9 Bosch Agad\u00eda, Antonio Pascual Galm\u00e9s, Francisco CabelloGuiscafre, Jos\u00e9 Luis Pascual Ripoll, Antoni Carbonell Torres, Miguel Pastor Aloy, Rafael A. Cerd\u00f3 P\u00e9rez, Raimon Pedemonte Rubio, M\u00f3nica CirauquiBorgo\u00f1oz, Andreu Perell\u00f3 Contest\u00ed, Antoni Florit Vallori, Manuel Pic\u00f3 Benn\u00e1sar, Amparo Gallego Garc\u00eda, Vicente Planells Roig, Catalina Galm\u00e9s Rossell\u00f3, Johanny Rodr\u00edguez Vargas, Merc\u00e8 Garc\u00eda Mill\u00e1n, Daniel Ruiz Cancho, Federico HermoselGarrigue, Jaime Sitjar Ramis, Catalina Homar Sans\u00f3, Arantxa Sitjar Mansilla, Antoni Juanico Garc\u00eda, Adela Soriano Fiallega, Apol\u00b7l\u00f2nia Juli\u00e0 Andreu, Miguel Tous Pellicer, Juan A. Marim\u00f3n Piz\u00e1, Miguel Valens Guti\u00e9rrez i Margarita Mas Sorell.<\/p>\n","protected":false},"excerpt":{"rendered":"<p>La Fundaci\u00f3 de Graduats Socials dels Illes Balears en col\u00b7laboraci\u00f3 amb el Col\u00b7legi de Graduats Socials va homenatjar als col\u00b7legiats que en 2016 han col\u00b7laborat de manera desinteressada en l&#8217;Oficina d&#8217;Orientaci\u00f3 Jur\u00eddic-Laboral que t\u00e9 aquest col\u00b7lectiu professional a Mallorca. Aquesta oficina es va constituir en 2011 per ajudar i orientar als ciutadans en mat\u00e8ria laboral [&hellip;]<\/p>\n","protected":false},"author":2,"featured_media":3009,"comment_status":"open","ping_status":"open","sticky":false,"template":"","format":"standard","meta":{"footnotes":""},"categories":[20],"tags":[],"class_list":["post-3127","post","type-post","status-publish","format-standard","has-post-thumbnail","hentry","category-noticies-fundacio"],"_links":{"self":[{"href":"https:\/\/fundaciograduatssocials.com\/ca\/wp-json\/wp\/v2\/posts\/3127","targetHints":{"allow":["GET"]}}],"collection":[{"href":"https:\/\/fundaciograduatssocials.com\/ca\/wp-json\/wp\/v2\/posts"}],"about":[{"href":"https:\/\/fundaciograduatssocials.com\/ca\/wp-json\/wp\/v2\/types\/post"}],"author":[{"embeddable":true,"href":"https:\/\/fundaciograduatssocials.com\/ca\/wp-json\/wp\/v2\/users\/2"}],"replies":[{"embeddable":true,"href":"https:\/\/fundaciograduatssocials.com\/ca\/wp-json\/wp\/v2\/comments?post=3127"}],"version-history":[{"count":0,"href":"https:\/\/fundaciograduatssocials.com\/ca\/wp-json\/wp\/v2\/posts\/3127\/revisions"}],"wp:featuredmedia":[{"embeddable":true,"href":"https:\/\/fundaciograduatssocials.com\/ca\/wp-json\/wp\/v2\/media\/3009"}],"wp:attachment":[{"href":"https:\/\/fundaciograduatssocials.com\/ca\/wp-json\/wp\/v2\/media?parent=3127"}],"wp:term":[{"taxonomy":"category","embeddable":true,"href":"https:\/\/fundaciograduatssocials.com\/ca\/wp-json\/wp\/v2\/categories?post=3127"},{"taxonomy":"post_tag","embeddable":true,"href":"https:\/\/fundaciograduatssocials.com\/ca\/wp-json\/wp\/v2\/tags?post=3127"}],"curies":[{"name":"wp","href":"https:\/\/api.w.org\/{rel}","templated":true}]}}