{"id":3128,"date":"2017-06-14T07:00:25","date_gmt":"2017-06-14T07:00:25","guid":{"rendered":"https:\/\/fundaciograduatssocials.com\/2017\/06\/14\/conveni-del-sector-de-la-construccio\/"},"modified":"2017-06-14T07:00:25","modified_gmt":"2017-06-14T07:00:25","slug":"conveni-del-sector-de-la-construccio","status":"publish","type":"post","link":"https:\/\/fundaciograduatssocials.com\/ca\/2017\/06\/14\/conveni-del-sector-de-la-construccio\/","title":{"rendered":"CONVENI DEL SECTOR DE LA CONSTRUCCI\u00d3"},"content":{"rendered":"<p>Interessant jornada sobre el conveni de gran incid\u00e8ncia en la crisis m\u00e9s gran de la Hist\u00f2ria. \u00a0L&#8217;advocat, Andreu Moll Linares, va dissertar sobre la negociaci\u00f3 col\u00b7lectiva sectorial i provincial del conveni col\u00b7lectiu de la construcci\u00f3 a les Illes Balears.<\/p>\n<p>13 juny 2017<\/p>\n","protected":false},"excerpt":{"rendered":"<p>Interessant jornada sobre el conveni de gran incid\u00e8ncia en la crisis m\u00e9s gran de la Hist\u00f2ria. \u00a0L&#8217;advocat, Andreu Moll Linares, va dissertar sobre la negociaci\u00f3 col\u00b7lectiva sectorial i provincial del conveni col\u00b7lectiu de la construcci\u00f3 a les Illes Balears. 13 juny 2017<\/p>\n","protected":false},"author":2,"featured_media":3014,"comment_status":"open","ping_status":"open","sticky":false,"template":"","format":"standard","meta":{"footnotes":""},"categories":[20],"tags":[],"class_list":["post-3128","post","type-post","status-publish","format-standard","has-post-thumbnail","hentry","category-noticies-fundacio"],"_links":{"self":[{"href":"https:\/\/fundaciograduatssocials.com\/ca\/wp-json\/wp\/v2\/posts\/3128","targetHints":{"allow":["GET"]}}],"collection":[{"href":"https:\/\/fundaciograduatssocials.com\/ca\/wp-json\/wp\/v2\/posts"}],"about":[{"href":"https:\/\/fundaciograduatssocials.com\/ca\/wp-json\/wp\/v2\/types\/post"}],"author":[{"embeddable":true,"href":"https:\/\/fundaciograduatssocials.com\/ca\/wp-json\/wp\/v2\/users\/2"}],"replies":[{"embeddable":true,"href":"https:\/\/fundaciograduatssocials.com\/ca\/wp-json\/wp\/v2\/comments?post=3128"}],"version-history":[{"count":0,"href":"https:\/\/fundaciograduatssocials.com\/ca\/wp-json\/wp\/v2\/posts\/3128\/revisions"}],"wp:featuredmedia":[{"embeddable":true,"href":"https:\/\/fundaciograduatssocials.com\/ca\/wp-json\/wp\/v2\/media\/3014"}],"wp:attachment":[{"href":"https:\/\/fundaciograduatssocials.com\/ca\/wp-json\/wp\/v2\/media?parent=3128"}],"wp:term":[{"taxonomy":"category","embeddable":true,"href":"https:\/\/fundaciograduatssocials.com\/ca\/wp-json\/wp\/v2\/categories?post=3128"},{"taxonomy":"post_tag","embeddable":true,"href":"https:\/\/fundaciograduatssocials.com\/ca\/wp-json\/wp\/v2\/tags?post=3128"}],"curies":[{"name":"wp","href":"https:\/\/api.w.org\/{rel}","templated":true}]}}