{"id":3129,"date":"2018-04-11T11:31:09","date_gmt":"2018-04-11T11:31:09","guid":{"rendered":"https:\/\/fundaciograduatssocials.com\/2018\/04\/11\/conferencia-sobre-accidents-de-treball-i-malaltia-professional\/"},"modified":"2018-04-11T11:31:09","modified_gmt":"2018-04-11T11:31:09","slug":"conferencia-sobre-accidents-de-treball-i-malaltia-professional","status":"publish","type":"post","link":"https:\/\/fundaciograduatssocials.com\/ca\/2018\/04\/11\/conferencia-sobre-accidents-de-treball-i-malaltia-professional\/","title":{"rendered":"Confer\u00e8ncia sobre accidents de treball i malaltia professional"},"content":{"rendered":"<p><span class=\"texto13\">La seu del Col\u2022legi va acollir la confer\u00e8ncia sobre Accidents de treball i malaltia professional, impartida per Mar\u00eda Bailey Garrido, Advocada dels Serveis Jur\u00eddics de MC MUTUAL.<\/span><\/p>\n<p>Al llarg de la sessi\u00f3 es van abordar temes com les conting\u00e8ncies professionals, tenint en compte les \u00faltimes novetats jurisprudencials i els casos pr\u00e0ctics en l&#8217;\u00e0mbit de l&#8217;activitat judicial. A m\u00e9s, es van revisar de forma expressa i detallada, els sup\u00f2sits previstos en l&#8217;article 156 de la Llei general de Seguretat Social, aprofundint encara m\u00e9s en la mat\u00e8ria exposada en el Curs B\u00e0sic de Seguretat Social.<\/p>\n<p>A la confer\u00e8ncia van acudir Graduats Socials col\u2022legiats i empleats de col\u2022legiats exercents. La inauguraci\u00f3 va estar a c\u00e0rrec de Merc\u00e8 Garc\u00eda Mill\u00e1n, vocal de la Junta de Govern del Col\u2022legi.<\/p>\n","protected":false},"excerpt":{"rendered":"<p>La seu del Col\u2022legi va acollir la confer\u00e8ncia sobre Accidents de treball i malaltia professional, impartida per Mar\u00eda Bailey Garrido, Advocada dels Serveis Jur\u00eddics de MC MUTUAL. Al llarg de la sessi\u00f3 es van abordar temes com les conting\u00e8ncies professionals, tenint en compte les \u00faltimes novetats jurisprudencials i els casos pr\u00e0ctics en l&#8217;\u00e0mbit de l&#8217;activitat [&hellip;]<\/p>\n","protected":false},"author":2,"featured_media":3006,"comment_status":"open","ping_status":"open","sticky":false,"template":"","format":"standard","meta":{"footnotes":""},"categories":[20],"tags":[],"class_list":["post-3129","post","type-post","status-publish","format-standard","has-post-thumbnail","hentry","category-noticies-fundacio"],"_links":{"self":[{"href":"https:\/\/fundaciograduatssocials.com\/ca\/wp-json\/wp\/v2\/posts\/3129","targetHints":{"allow":["GET"]}}],"collection":[{"href":"https:\/\/fundaciograduatssocials.com\/ca\/wp-json\/wp\/v2\/posts"}],"about":[{"href":"https:\/\/fundaciograduatssocials.com\/ca\/wp-json\/wp\/v2\/types\/post"}],"author":[{"embeddable":true,"href":"https:\/\/fundaciograduatssocials.com\/ca\/wp-json\/wp\/v2\/users\/2"}],"replies":[{"embeddable":true,"href":"https:\/\/fundaciograduatssocials.com\/ca\/wp-json\/wp\/v2\/comments?post=3129"}],"version-history":[{"count":0,"href":"https:\/\/fundaciograduatssocials.com\/ca\/wp-json\/wp\/v2\/posts\/3129\/revisions"}],"wp:featuredmedia":[{"embeddable":true,"href":"https:\/\/fundaciograduatssocials.com\/ca\/wp-json\/wp\/v2\/media\/3006"}],"wp:attachment":[{"href":"https:\/\/fundaciograduatssocials.com\/ca\/wp-json\/wp\/v2\/media?parent=3129"}],"wp:term":[{"taxonomy":"category","embeddable":true,"href":"https:\/\/fundaciograduatssocials.com\/ca\/wp-json\/wp\/v2\/categories?post=3129"},{"taxonomy":"post_tag","embeddable":true,"href":"https:\/\/fundaciograduatssocials.com\/ca\/wp-json\/wp\/v2\/tags?post=3129"}],"curies":[{"name":"wp","href":"https:\/\/api.w.org\/{rel}","templated":true}]}}