{"id":3130,"date":"2016-10-05T16:29:29","date_gmt":"2016-10-05T16:29:29","guid":{"rendered":"https:\/\/fundaciograduatssocials.com\/2016\/10\/05\/taller-el-procediment-davant-el-tamib\/"},"modified":"2025-05-31T14:47:21","modified_gmt":"2025-05-31T14:47:21","slug":"taller-el-procediment-davant-el-tamib","status":"publish","type":"post","link":"https:\/\/fundaciograduatssocials.com\/ca\/2016\/10\/05\/taller-el-procediment-davant-el-tamib\/","title":{"rendered":"TALLER EL PROCEDIMENT DAVANT EL TAMIB"},"content":{"rendered":"<p>Els Graduats Socials Manuel Pujol i Rafael Aguil\u00f3 van ser els encarregats d&#8217;impartir el taller &#8220;EL PROCEDIMENT DAVANT EL TAMIB DES DEL PRINCIPI AL FI&#8221;.<br \/>\n<!--more--><\/p>\n<p>El taller que va comptar amb una gran participaci\u00f3 ha posat de manifest que l&#8217;\u00e8xit o el frac\u00e0s en la resoluci\u00f3 d&#8217;un conflicte laboral dep\u00e8n de tots els intervinents, en aquest context el Graduat Social compleix una funci\u00f3 necess\u00e0ria i essencial, d&#8217;aqu\u00ed la import\u00e0ncia d&#8217;una bona gesti\u00f3 d\u00b4aquest professional.<\/p>\n<p>4 d\u00b4octubre 2016<\/p>\n","protected":false},"excerpt":{"rendered":"<p>Els Graduats Socials Manuel Pujol i Rafael Aguil\u00f3 van ser els encarregats d&#8217;impartir el taller &#8220;EL PROCEDIMENT DAVANT EL TAMIB DES DEL PRINCIPI AL FI&#8221;.<\/p>\n","protected":false},"author":2,"featured_media":3059,"comment_status":"open","ping_status":"open","sticky":false,"template":"","format":"standard","meta":{"footnotes":""},"categories":[20],"tags":[],"class_list":["post-3130","post","type-post","status-publish","format-standard","has-post-thumbnail","hentry","category-noticies-fundacio"],"_links":{"self":[{"href":"https:\/\/fundaciograduatssocials.com\/ca\/wp-json\/wp\/v2\/posts\/3130","targetHints":{"allow":["GET"]}}],"collection":[{"href":"https:\/\/fundaciograduatssocials.com\/ca\/wp-json\/wp\/v2\/posts"}],"about":[{"href":"https:\/\/fundaciograduatssocials.com\/ca\/wp-json\/wp\/v2\/types\/post"}],"author":[{"embeddable":true,"href":"https:\/\/fundaciograduatssocials.com\/ca\/wp-json\/wp\/v2\/users\/2"}],"replies":[{"embeddable":true,"href":"https:\/\/fundaciograduatssocials.com\/ca\/wp-json\/wp\/v2\/comments?post=3130"}],"version-history":[{"count":1,"href":"https:\/\/fundaciograduatssocials.com\/ca\/wp-json\/wp\/v2\/posts\/3130\/revisions"}],"predecessor-version":[{"id":3131,"href":"https:\/\/fundaciograduatssocials.com\/ca\/wp-json\/wp\/v2\/posts\/3130\/revisions\/3131"}],"wp:featuredmedia":[{"embeddable":true,"href":"https:\/\/fundaciograduatssocials.com\/ca\/wp-json\/wp\/v2\/media\/3059"}],"wp:attachment":[{"href":"https:\/\/fundaciograduatssocials.com\/ca\/wp-json\/wp\/v2\/media?parent=3130"}],"wp:term":[{"taxonomy":"category","embeddable":true,"href":"https:\/\/fundaciograduatssocials.com\/ca\/wp-json\/wp\/v2\/categories?post=3130"},{"taxonomy":"post_tag","embeddable":true,"href":"https:\/\/fundaciograduatssocials.com\/ca\/wp-json\/wp\/v2\/tags?post=3130"}],"curies":[{"name":"wp","href":"https:\/\/api.w.org\/{rel}","templated":true}]}}