{"id":3140,"date":"2021-01-27T13:56:38","date_gmt":"2021-01-27T13:56:38","guid":{"rendered":"https:\/\/fundaciograduatssocials.com\/2021\/01\/27\/la-fundacio-de-graduats-socials-ofereix-gratis-orientacio-en-materia-laboral-i-de-seguretat-social\/"},"modified":"2021-01-27T13:56:38","modified_gmt":"2021-01-27T13:56:38","slug":"la-fundacio-de-graduats-socials-ofereix-gratis-orientacio-en-materia-laboral-i-de-seguretat-social","status":"publish","type":"post","link":"https:\/\/fundaciograduatssocials.com\/ca\/2021\/01\/27\/la-fundacio-de-graduats-socials-ofereix-gratis-orientacio-en-materia-laboral-i-de-seguretat-social\/","title":{"rendered":"La Fundaci\u00f3 de Graduats Socials ofereix gratis orientaci\u00f3 en mat\u00e8ria laboral i de Seguretat Social"},"content":{"rendered":"<div class=\"traductor-textarea form-group\">\n<div class=\"textarea-desti col-xs-12 col-sm-6\">\n<div class=\"form-control second-textarea\">La Fundaci\u00f3 vol mostrar solidaritat amb els qui no tenen recursos econ\u00f2mics i orienten precisament en mat\u00e8ria laboral i de seguretat social, i posa al servei del ciutad\u00e0 l&#8217;Oficina d&#8217;Orientaci\u00f3 jur\u00eddic-laboral.<\/div>\n<\/div>\n<\/div>\n","protected":false},"excerpt":{"rendered":"<p>La Fundaci\u00f3 vol mostrar solidaritat amb els qui no tenen recursos econ\u00f2mics i orienten precisament en mat\u00e8ria laboral i de seguretat social, i posa al servei del ciutad\u00e0 l&#8217;Oficina d&#8217;Orientaci\u00f3 jur\u00eddic-laboral.<\/p>\n","protected":false},"author":2,"featured_media":2982,"comment_status":"open","ping_status":"open","sticky":false,"template":"","format":"standard","meta":{"footnotes":""},"categories":[20],"tags":[],"class_list":["post-3140","post","type-post","status-publish","format-standard","has-post-thumbnail","hentry","category-noticies-fundacio"],"_links":{"self":[{"href":"https:\/\/fundaciograduatssocials.com\/ca\/wp-json\/wp\/v2\/posts\/3140","targetHints":{"allow":["GET"]}}],"collection":[{"href":"https:\/\/fundaciograduatssocials.com\/ca\/wp-json\/wp\/v2\/posts"}],"about":[{"href":"https:\/\/fundaciograduatssocials.com\/ca\/wp-json\/wp\/v2\/types\/post"}],"author":[{"embeddable":true,"href":"https:\/\/fundaciograduatssocials.com\/ca\/wp-json\/wp\/v2\/users\/2"}],"replies":[{"embeddable":true,"href":"https:\/\/fundaciograduatssocials.com\/ca\/wp-json\/wp\/v2\/comments?post=3140"}],"version-history":[{"count":0,"href":"https:\/\/fundaciograduatssocials.com\/ca\/wp-json\/wp\/v2\/posts\/3140\/revisions"}],"wp:featuredmedia":[{"embeddable":true,"href":"https:\/\/fundaciograduatssocials.com\/ca\/wp-json\/wp\/v2\/media\/2982"}],"wp:attachment":[{"href":"https:\/\/fundaciograduatssocials.com\/ca\/wp-json\/wp\/v2\/media?parent=3140"}],"wp:term":[{"taxonomy":"category","embeddable":true,"href":"https:\/\/fundaciograduatssocials.com\/ca\/wp-json\/wp\/v2\/categories?post=3140"},{"taxonomy":"post_tag","embeddable":true,"href":"https:\/\/fundaciograduatssocials.com\/ca\/wp-json\/wp\/v2\/tags?post=3140"}],"curies":[{"name":"wp","href":"https:\/\/api.w.org\/{rel}","templated":true}]}}