{"id":3142,"date":"2019-12-09T15:09:59","date_gmt":"2019-12-09T15:09:59","guid":{"rendered":"https:\/\/fundaciograduatssocials.com\/2019\/12\/09\/acte-de-reconeixement-als-graduats-socials-que-participen-a-loficina-juridica-laboral\/"},"modified":"2019-12-09T15:09:59","modified_gmt":"2019-12-09T15:09:59","slug":"acte-de-reconeixement-als-graduats-socials-que-participen-a-loficina-juridica-laboral","status":"publish","type":"post","link":"https:\/\/fundaciograduatssocials.com\/ca\/2019\/12\/09\/acte-de-reconeixement-als-graduats-socials-que-participen-a-loficina-juridica-laboral\/","title":{"rendered":"Acte de reconeixement als Graduats Socials que participen a l&#8217;Oficina Juridica Laboral"},"content":{"rendered":"<p><span style=\"color: #000000; font-family: Calibri;\">Com cada any a principis de desembre, la Fundaci\u00f3 de Graduats Socials de les Illes Balears va celebrar un acte en reconeixement als Graduats Socials que participen en l&#8217;Oficina Jur\u00eddica Laboral, oferint assessorament als ciutadans en temes laborals de manera altruista.<br \/>\n<\/span><\/p>\n<p><span style=\"color: #000000; font-family: Calibri;\">L&#8217;Oficina d&#8217;orientaci\u00f3 jur\u00eddica laboral s&#8217;encarrega d&#8217;atendre de manera gratu\u00efta consultes en mat\u00e8ria laboral i de seguretat social. Q\u00fcestions sobre, per exemple, terminis per a reclamar davant el TAMIB, assumptes relacionats amb acomiadaments, reclamacions salarials, assumptes compet\u00e8ncia de la Inspecci\u00f3 de Treball i Seguretat Social (ITSS) o de l&#8217;Institut Nacional de la Seguretat Social, entre d&#8217;altres q\u00fcestions de l&#8217;\u00e0mbit laboral.<\/span><\/p>\n","protected":false},"excerpt":{"rendered":"<p>Com cada any a principis de desembre, la Fundaci\u00f3 de Graduats Socials de les Illes Balears va celebrar un acte en reconeixement als Graduats Socials que participen en l&#8217;Oficina Jur\u00eddica Laboral, oferint assessorament als ciutadans en temes laborals de manera altruista. L&#8217;Oficina d&#8217;orientaci\u00f3 jur\u00eddica laboral s&#8217;encarrega d&#8217;atendre de manera gratu\u00efta consultes en mat\u00e8ria laboral i [&hellip;]<\/p>\n","protected":false},"author":2,"featured_media":2991,"comment_status":"open","ping_status":"open","sticky":false,"template":"","format":"standard","meta":{"footnotes":""},"categories":[20],"tags":[],"class_list":["post-3142","post","type-post","status-publish","format-standard","has-post-thumbnail","hentry","category-noticies-fundacio"],"_links":{"self":[{"href":"https:\/\/fundaciograduatssocials.com\/ca\/wp-json\/wp\/v2\/posts\/3142","targetHints":{"allow":["GET"]}}],"collection":[{"href":"https:\/\/fundaciograduatssocials.com\/ca\/wp-json\/wp\/v2\/posts"}],"about":[{"href":"https:\/\/fundaciograduatssocials.com\/ca\/wp-json\/wp\/v2\/types\/post"}],"author":[{"embeddable":true,"href":"https:\/\/fundaciograduatssocials.com\/ca\/wp-json\/wp\/v2\/users\/2"}],"replies":[{"embeddable":true,"href":"https:\/\/fundaciograduatssocials.com\/ca\/wp-json\/wp\/v2\/comments?post=3142"}],"version-history":[{"count":0,"href":"https:\/\/fundaciograduatssocials.com\/ca\/wp-json\/wp\/v2\/posts\/3142\/revisions"}],"wp:featuredmedia":[{"embeddable":true,"href":"https:\/\/fundaciograduatssocials.com\/ca\/wp-json\/wp\/v2\/media\/2991"}],"wp:attachment":[{"href":"https:\/\/fundaciograduatssocials.com\/ca\/wp-json\/wp\/v2\/media?parent=3142"}],"wp:term":[{"taxonomy":"category","embeddable":true,"href":"https:\/\/fundaciograduatssocials.com\/ca\/wp-json\/wp\/v2\/categories?post=3142"},{"taxonomy":"post_tag","embeddable":true,"href":"https:\/\/fundaciograduatssocials.com\/ca\/wp-json\/wp\/v2\/tags?post=3142"}],"curies":[{"name":"wp","href":"https:\/\/api.w.org\/{rel}","templated":true}]}}