{"id":3143,"date":"2019-11-22T15:28:46","date_gmt":"2019-11-22T15:28:46","guid":{"rendered":"https:\/\/fundaciograduatssocials.com\/2019\/11\/22\/conferencia-actuacio-de-la-inspeccio-en-materia-digualtat-2019-2020\/"},"modified":"2019-11-22T15:28:46","modified_gmt":"2019-11-22T15:28:46","slug":"conferencia-actuacio-de-la-inspeccio-en-materia-digualtat-2019-2020","status":"publish","type":"post","link":"https:\/\/fundaciograduatssocials.com\/ca\/2019\/11\/22\/conferencia-actuacio-de-la-inspeccio-en-materia-digualtat-2019-2020\/","title":{"rendered":"Conf\u00e8rencia &#8220;Actuaci\u00f3 de la Inspecci\u00f3 en mat\u00e8ria d&#8217;igualtat 2019\/2020"},"content":{"rendered":"<p>Aquest dijous, dia 21 de novembre, la Fundaci\u00f3 de Graduats Socials de les Illes Balears, en col\u00b7laboraci\u00f3 amb el Il\u00b7lustre Col\u00b7legi Oficial de Graduats Socials de les Illes Balears, ha duit a terme la confer\u00e8ncia &#8220;Actuaci\u00f3 de la Inspecci\u00f3 en mat\u00e8ria d&#8217;igualtat 2019\/2020&#8221; impartida per les ponents Catalina Barcel\u00f3, Inspectora de Treball i SS, i Paula Li\u00f1\u00e1n, inspectora de treball i SS i Coordinadora d&#8217;igualtat de la Inspecci\u00f3 de Treball i SS ha presentat l&#8217;acte Emilia Goyanes, Vicepresidenta del Col\u00b7legi.<\/p>\n<p>La sessi\u00f3 ha abordat la tem\u00e0tica referida als Plans d&#8217;Igualtat presents en la nova regulaci\u00f3 de 2019, aix\u00ed com tot el que t\u00e9 a veure amb les campanyes de la Inspecci\u00f3 de Treball i S. S. en mat\u00e8ria d&#8217;igualtat.<\/p>\n","protected":false},"excerpt":{"rendered":"<p>Aquest dijous, dia 21 de novembre, la Fundaci\u00f3 de Graduats Socials de les Illes Balears, en col\u00b7laboraci\u00f3 amb el Il\u00b7lustre Col\u00b7legi Oficial de Graduats Socials de les Illes Balears, ha duit a terme la confer\u00e8ncia &#8220;Actuaci\u00f3 de la Inspecci\u00f3 en mat\u00e8ria d&#8217;igualtat 2019\/2020&#8221; impartida per les ponents Catalina Barcel\u00f3, Inspectora de Treball i SS, i [&hellip;]<\/p>\n","protected":false},"author":2,"featured_media":2992,"comment_status":"open","ping_status":"open","sticky":false,"template":"","format":"standard","meta":{"footnotes":""},"categories":[20],"tags":[],"class_list":["post-3143","post","type-post","status-publish","format-standard","has-post-thumbnail","hentry","category-noticies-fundacio"],"_links":{"self":[{"href":"https:\/\/fundaciograduatssocials.com\/ca\/wp-json\/wp\/v2\/posts\/3143","targetHints":{"allow":["GET"]}}],"collection":[{"href":"https:\/\/fundaciograduatssocials.com\/ca\/wp-json\/wp\/v2\/posts"}],"about":[{"href":"https:\/\/fundaciograduatssocials.com\/ca\/wp-json\/wp\/v2\/types\/post"}],"author":[{"embeddable":true,"href":"https:\/\/fundaciograduatssocials.com\/ca\/wp-json\/wp\/v2\/users\/2"}],"replies":[{"embeddable":true,"href":"https:\/\/fundaciograduatssocials.com\/ca\/wp-json\/wp\/v2\/comments?post=3143"}],"version-history":[{"count":0,"href":"https:\/\/fundaciograduatssocials.com\/ca\/wp-json\/wp\/v2\/posts\/3143\/revisions"}],"wp:featuredmedia":[{"embeddable":true,"href":"https:\/\/fundaciograduatssocials.com\/ca\/wp-json\/wp\/v2\/media\/2992"}],"wp:attachment":[{"href":"https:\/\/fundaciograduatssocials.com\/ca\/wp-json\/wp\/v2\/media?parent=3143"}],"wp:term":[{"taxonomy":"category","embeddable":true,"href":"https:\/\/fundaciograduatssocials.com\/ca\/wp-json\/wp\/v2\/categories?post=3143"},{"taxonomy":"post_tag","embeddable":true,"href":"https:\/\/fundaciograduatssocials.com\/ca\/wp-json\/wp\/v2\/tags?post=3143"}],"curies":[{"name":"wp","href":"https:\/\/api.w.org\/{rel}","templated":true}]}}