{"id":3144,"date":"2019-05-20T14:38:58","date_gmt":"2019-05-20T14:38:58","guid":{"rendered":"https:\/\/fundaciograduatssocials.com\/2019\/05\/20\/curs-avancat-de-comptabilitat\/"},"modified":"2025-06-01T07:28:27","modified_gmt":"2025-06-01T07:28:27","slug":"curs-avancat-de-comptabilitat","status":"publish","type":"post","link":"https:\/\/fundaciograduatssocials.com\/ca\/2019\/05\/20\/curs-avancat-de-comptabilitat\/","title":{"rendered":"Curs avan\u00e7at de comptabilitat"},"content":{"rendered":"<p>En el Il \u2022 lustre Col \u2022 legi de Graduats Socials de les Illes Balears es va desenvo lupar el passat 7 de maig la primera de les dues sessions del &#8220;Curs de comptabilitat nivell avan\u00e7at&#8221;, programades per a aquest mes.Les dues sessions van a c\u00e0rrec de Miquel \u00c0ngel Cantallops Pons, assessor fiscal, laboral i comptable.<\/p>\n<p>Durant el curs, el tercer dels que componen la formaci\u00f3 en la mat\u00e8ria, es va pretendre aportar als assistents soltesa i solucions pr\u00e0ctiques comptables, fent un rep\u00e0s pr\u00e0ctic del cicle comptable i de les operacions habituals en la comptabilitat d&#8217;una empresa.<\/p>\n","protected":false},"excerpt":{"rendered":"<p>En el Il \u2022 lustre Col \u2022 legi de Graduats Socials de les Illes Balears es va desenvo lupar el passat 7 de maig la primera de les dues sessions del &#8220;Curs de comptabilitat nivell avan\u00e7at&#8221;, programades per a aquest mes.Les dues sessions van a c\u00e0rrec de Miquel \u00c0ngel Cantallops Pons, assessor fiscal, laboral i [&hellip;]<\/p>\n","protected":false},"author":2,"featured_media":2994,"comment_status":"open","ping_status":"open","sticky":false,"template":"","format":"standard","meta":{"footnotes":""},"categories":[20],"tags":[],"class_list":["post-3144","post","type-post","status-publish","format-standard","has-post-thumbnail","hentry","category-noticies-fundacio"],"_links":{"self":[{"href":"https:\/\/fundaciograduatssocials.com\/ca\/wp-json\/wp\/v2\/posts\/3144","targetHints":{"allow":["GET"]}}],"collection":[{"href":"https:\/\/fundaciograduatssocials.com\/ca\/wp-json\/wp\/v2\/posts"}],"about":[{"href":"https:\/\/fundaciograduatssocials.com\/ca\/wp-json\/wp\/v2\/types\/post"}],"author":[{"embeddable":true,"href":"https:\/\/fundaciograduatssocials.com\/ca\/wp-json\/wp\/v2\/users\/2"}],"replies":[{"embeddable":true,"href":"https:\/\/fundaciograduatssocials.com\/ca\/wp-json\/wp\/v2\/comments?post=3144"}],"version-history":[{"count":1,"href":"https:\/\/fundaciograduatssocials.com\/ca\/wp-json\/wp\/v2\/posts\/3144\/revisions"}],"predecessor-version":[{"id":3145,"href":"https:\/\/fundaciograduatssocials.com\/ca\/wp-json\/wp\/v2\/posts\/3144\/revisions\/3145"}],"wp:featuredmedia":[{"embeddable":true,"href":"https:\/\/fundaciograduatssocials.com\/ca\/wp-json\/wp\/v2\/media\/2994"}],"wp:attachment":[{"href":"https:\/\/fundaciograduatssocials.com\/ca\/wp-json\/wp\/v2\/media?parent=3144"}],"wp:term":[{"taxonomy":"category","embeddable":true,"href":"https:\/\/fundaciograduatssocials.com\/ca\/wp-json\/wp\/v2\/categories?post=3144"},{"taxonomy":"post_tag","embeddable":true,"href":"https:\/\/fundaciograduatssocials.com\/ca\/wp-json\/wp\/v2\/tags?post=3144"}],"curies":[{"name":"wp","href":"https:\/\/api.w.org\/{rel}","templated":true}]}}