{"id":3146,"date":"2019-05-16T14:03:26","date_gmt":"2019-05-16T14:03:26","guid":{"rendered":"https:\/\/fundaciograduatssocials.com\/2019\/05\/16\/conferencia-la-responsabilitat-penal-en-les-relacions\/"},"modified":"2019-05-16T14:03:26","modified_gmt":"2019-05-16T14:03:26","slug":"conferencia-la-responsabilitat-penal-en-les-relacions","status":"publish","type":"post","link":"https:\/\/fundaciograduatssocials.com\/ca\/2019\/05\/16\/conferencia-la-responsabilitat-penal-en-les-relacions\/","title":{"rendered":"Conf\u00e8rencia: La Responsabilitat penal en les relacions"},"content":{"rendered":"<p>Dimecres, dia 15 de maig, es va dur a terme la confer\u00e8ncia &#8220;La responsabilitat penal en les relacions laborals&#8221;, organitzada per la Fundaci\u00f3 de Graduats Socials de les Illes Balears en col\u2022laboraci\u00f3 amb el Il\u2022ltre. Col\u2022legi Oficial de Graduats Socials de les Illes Balears. La sessi\u00f3, presentada pel vocal exercent del Col\u2022legi, Jes\u00fas Avil\u00e9s, va ser impartida per Bartolom\u00e9 Salas Segu\u00ed, especialista en dret penal i soci fundador del despatx Salas &amp; Cerd\u00e0 Advocats.<\/p>\n<p>L&#8217;objectiu de la jornada consistia en aportar una visi\u00f3 general sobre les responsabilitats penals que es deriven de l&#8217;activitat professional vinculada al camp de les relacions laborals. Es van analitzar q\u00fcestions de la part general i especial del dret penal que s\u00f3n rellevants per al dret penal del treball, aix\u00ed com la responsabilitat civil derivada del delicte.<\/p>\n","protected":false},"excerpt":{"rendered":"<p>Dimecres, dia 15 de maig, es va dur a terme la confer\u00e8ncia &#8220;La responsabilitat penal en les relacions laborals&#8221;, organitzada per la Fundaci\u00f3 de Graduats Socials de les Illes Balears en col\u2022laboraci\u00f3 amb el Il\u2022ltre. Col\u2022legi Oficial de Graduats Socials de les Illes Balears. La sessi\u00f3, presentada pel vocal exercent del Col\u2022legi, Jes\u00fas Avil\u00e9s, va [&hellip;]<\/p>\n","protected":false},"author":2,"featured_media":2995,"comment_status":"open","ping_status":"open","sticky":false,"template":"","format":"standard","meta":{"footnotes":""},"categories":[20],"tags":[],"class_list":["post-3146","post","type-post","status-publish","format-standard","has-post-thumbnail","hentry","category-noticies-fundacio"],"_links":{"self":[{"href":"https:\/\/fundaciograduatssocials.com\/ca\/wp-json\/wp\/v2\/posts\/3146","targetHints":{"allow":["GET"]}}],"collection":[{"href":"https:\/\/fundaciograduatssocials.com\/ca\/wp-json\/wp\/v2\/posts"}],"about":[{"href":"https:\/\/fundaciograduatssocials.com\/ca\/wp-json\/wp\/v2\/types\/post"}],"author":[{"embeddable":true,"href":"https:\/\/fundaciograduatssocials.com\/ca\/wp-json\/wp\/v2\/users\/2"}],"replies":[{"embeddable":true,"href":"https:\/\/fundaciograduatssocials.com\/ca\/wp-json\/wp\/v2\/comments?post=3146"}],"version-history":[{"count":0,"href":"https:\/\/fundaciograduatssocials.com\/ca\/wp-json\/wp\/v2\/posts\/3146\/revisions"}],"wp:featuredmedia":[{"embeddable":true,"href":"https:\/\/fundaciograduatssocials.com\/ca\/wp-json\/wp\/v2\/media\/2995"}],"wp:attachment":[{"href":"https:\/\/fundaciograduatssocials.com\/ca\/wp-json\/wp\/v2\/media?parent=3146"}],"wp:term":[{"taxonomy":"category","embeddable":true,"href":"https:\/\/fundaciograduatssocials.com\/ca\/wp-json\/wp\/v2\/categories?post=3146"},{"taxonomy":"post_tag","embeddable":true,"href":"https:\/\/fundaciograduatssocials.com\/ca\/wp-json\/wp\/v2\/tags?post=3146"}],"curies":[{"name":"wp","href":"https:\/\/api.w.org\/{rel}","templated":true}]}}