{"id":3147,"date":"2019-04-12T14:13:08","date_gmt":"2019-04-12T14:13:08","guid":{"rendered":"https:\/\/fundaciograduatssocials.com\/2019\/04\/12\/curs-de-nivell-mitja-de-comptabilitat-practica-per-a-empreses-i-professionals\/"},"modified":"2019-04-12T14:13:08","modified_gmt":"2019-04-12T14:13:08","slug":"curs-de-nivell-mitja-de-comptabilitat-practica-per-a-empreses-i-professionals","status":"publish","type":"post","link":"https:\/\/fundaciograduatssocials.com\/ca\/2019\/04\/12\/curs-de-nivell-mitja-de-comptabilitat-practica-per-a-empreses-i-professionals\/","title":{"rendered":"Curs de nivell mitj\u00e0 de comptabilitat pr\u00e0ctica per a empreses i professionals"},"content":{"rendered":"<p>La Fundaci\u00f3 i l\u2019 Il\u00b7lustre Col\u00b7legi de Graduats Socials de les Illes Balears van acollir els passats dies 3 i 4 d&#8217;abril el &#8220;Curs de comptabilitat pr\u00e0ctica per a empreses i professionals. Nivell mitj\u00e0 &#8220;, impartit, tal com va passar en el curs d&#8217;iniciaci\u00f3, per Miguel \u00c1ngel Cantallops Pons, assessor fiscal, laboral i comptable.<\/p>\n<p>El curs, compost tamb\u00e9 en aquest segon nivell per una sessi\u00f3 a doble jornada, va abordar diversos aspectes, entre d&#8217;altres, el cicle comptable, l&#8217;impost de societats en la comptabilitat, el tancament de l&#8217;exercici comptable, la comptabilitzaci\u00f3 d&#8217;impostos, el resultat comptable i fiscal, el balan\u00e7 i compte de p\u00e8rdues i Gan\u00e0ncies, i nombrosos casos pr\u00e0ctics i resoluci\u00f3 de dubtes.<\/p>\n","protected":false},"excerpt":{"rendered":"<p>La Fundaci\u00f3 i l\u2019 Il\u00b7lustre Col\u00b7legi de Graduats Socials de les Illes Balears van acollir els passats dies 3 i 4 d&#8217;abril el &#8220;Curs de comptabilitat pr\u00e0ctica per a empreses i professionals. Nivell mitj\u00e0 &#8220;, impartit, tal com va passar en el curs d&#8217;iniciaci\u00f3, per Miguel \u00c1ngel Cantallops Pons, assessor fiscal, laboral i comptable. El [&hellip;]<\/p>\n","protected":false},"author":2,"featured_media":2996,"comment_status":"open","ping_status":"open","sticky":false,"template":"","format":"standard","meta":{"footnotes":""},"categories":[20],"tags":[],"class_list":["post-3147","post","type-post","status-publish","format-standard","has-post-thumbnail","hentry","category-noticies-fundacio"],"_links":{"self":[{"href":"https:\/\/fundaciograduatssocials.com\/ca\/wp-json\/wp\/v2\/posts\/3147","targetHints":{"allow":["GET"]}}],"collection":[{"href":"https:\/\/fundaciograduatssocials.com\/ca\/wp-json\/wp\/v2\/posts"}],"about":[{"href":"https:\/\/fundaciograduatssocials.com\/ca\/wp-json\/wp\/v2\/types\/post"}],"author":[{"embeddable":true,"href":"https:\/\/fundaciograduatssocials.com\/ca\/wp-json\/wp\/v2\/users\/2"}],"replies":[{"embeddable":true,"href":"https:\/\/fundaciograduatssocials.com\/ca\/wp-json\/wp\/v2\/comments?post=3147"}],"version-history":[{"count":0,"href":"https:\/\/fundaciograduatssocials.com\/ca\/wp-json\/wp\/v2\/posts\/3147\/revisions"}],"wp:featuredmedia":[{"embeddable":true,"href":"https:\/\/fundaciograduatssocials.com\/ca\/wp-json\/wp\/v2\/media\/2996"}],"wp:attachment":[{"href":"https:\/\/fundaciograduatssocials.com\/ca\/wp-json\/wp\/v2\/media?parent=3147"}],"wp:term":[{"taxonomy":"category","embeddable":true,"href":"https:\/\/fundaciograduatssocials.com\/ca\/wp-json\/wp\/v2\/categories?post=3147"},{"taxonomy":"post_tag","embeddable":true,"href":"https:\/\/fundaciograduatssocials.com\/ca\/wp-json\/wp\/v2\/tags?post=3147"}],"curies":[{"name":"wp","href":"https:\/\/api.w.org\/{rel}","templated":true}]}}