{"id":3149,"date":"2019-03-08T13:45:13","date_gmt":"2019-03-08T13:45:13","guid":{"rendered":"https:\/\/fundaciograduatssocials.com\/2019\/03\/08\/jornada-de-la-dona-treballadora-de-la-fundacio-i-el-collegi-de-graduats-socials-de-les-illes-balears\/"},"modified":"2019-03-08T13:45:13","modified_gmt":"2019-03-08T13:45:13","slug":"jornada-de-la-dona-treballadora-de-la-fundacio-i-el-collegi-de-graduats-socials-de-les-illes-balears","status":"publish","type":"post","link":"https:\/\/fundaciograduatssocials.com\/ca\/2019\/03\/08\/jornada-de-la-dona-treballadora-de-la-fundacio-i-el-collegi-de-graduats-socials-de-les-illes-balears\/","title":{"rendered":"Jornada de la Dona Treballadora de la Fundaci\u00f3 i el Col\u2022legi de Graduats Socials de les Illes Balears"},"content":{"rendered":"<p>Dijous passat, dia 7 de mar\u00e7, l\u2019Il\u00b7lustre\u00a0 Col\u00b7legi de Graduats Socials de les Illes Balears va celebrar la seva primera Jornada de la Dona Treballadora que va suposar tot un \u00e8xit d&#8217;assist\u00e8ncia i participaci\u00f3. Un esdeveniment que va servir per posar el germen de molts altres que vindran en un futur, amb el paper igualitari de la dona com a eix central.<\/p>\n<p>La sessi\u00f3, que va estar dividida en dos blocs, va ser presentada per Apol\u00b7l\u00f2nia Juli\u00e0, Presidenta del Col\u00b7legi, qui va donar pas a la primera protagonista de la tarda, Garbi\u00f1e Biurrun Mancisidor, Presidenta de la Sala Social del Tribunal Superior de Just\u00edcia del Pa\u00eds Basc. La Magistrada va ser l&#8217;encarregada d&#8217;impartir la interessant confer\u00e8ncia &#8220;Dona i treball: Un espai dif\u00edcil per a la igualtat&#8221;.<\/p>\n<p>Tot seguit, i despr\u00e9s del torn de preguntes, va tenir lloc la celebraci\u00f3 d&#8217;una taula rodona que portava per t\u00edtol \u201cIgualtat: Realitat o utopia?\u201d. El debat va comptar amb la intervenci\u00f3 d&#8217;Isabel Castro, Directora General de la Conselleria de Treball, Comer\u00e7 i Ind\u00fastria del Govern Balear; Maria Ferrer, Directora de Diari de Mallorca; Sandra Verger, Directora de l&#8217;Associaci\u00f3 de Constructors de Balears i Graduada Social; i Encarna Garc\u00eda Ill\u00e1n, T\u00e8cnica de suport al Projecte Cambreres de Pis i Salut. Ger\u00e8ncia d&#8217;Atenci\u00f3 Prim\u00e0ria. El debat va estar moderat per Agn\u00e8s Antich Andreu, periodista i responsable del gabinet de comunicaci\u00f3 del Tribunal Superior de Just\u00edcia de les Illes Balears.<\/p>\n","protected":false},"excerpt":{"rendered":"<p>Dijous passat, dia 7 de mar\u00e7, l\u2019Il\u00b7lustre\u00a0 Col\u00b7legi de Graduats Socials de les Illes Balears va celebrar la seva primera Jornada de la Dona Treballadora que va suposar tot un \u00e8xit d&#8217;assist\u00e8ncia i participaci\u00f3. Un esdeveniment que va servir per posar el germen de molts altres que vindran en un futur, amb el paper igualitari [&hellip;]<\/p>\n","protected":false},"author":2,"featured_media":2998,"comment_status":"open","ping_status":"open","sticky":false,"template":"","format":"standard","meta":{"footnotes":""},"categories":[20],"tags":[],"class_list":["post-3149","post","type-post","status-publish","format-standard","has-post-thumbnail","hentry","category-noticies-fundacio"],"_links":{"self":[{"href":"https:\/\/fundaciograduatssocials.com\/ca\/wp-json\/wp\/v2\/posts\/3149","targetHints":{"allow":["GET"]}}],"collection":[{"href":"https:\/\/fundaciograduatssocials.com\/ca\/wp-json\/wp\/v2\/posts"}],"about":[{"href":"https:\/\/fundaciograduatssocials.com\/ca\/wp-json\/wp\/v2\/types\/post"}],"author":[{"embeddable":true,"href":"https:\/\/fundaciograduatssocials.com\/ca\/wp-json\/wp\/v2\/users\/2"}],"replies":[{"embeddable":true,"href":"https:\/\/fundaciograduatssocials.com\/ca\/wp-json\/wp\/v2\/comments?post=3149"}],"version-history":[{"count":0,"href":"https:\/\/fundaciograduatssocials.com\/ca\/wp-json\/wp\/v2\/posts\/3149\/revisions"}],"wp:featuredmedia":[{"embeddable":true,"href":"https:\/\/fundaciograduatssocials.com\/ca\/wp-json\/wp\/v2\/media\/2998"}],"wp:attachment":[{"href":"https:\/\/fundaciograduatssocials.com\/ca\/wp-json\/wp\/v2\/media?parent=3149"}],"wp:term":[{"taxonomy":"category","embeddable":true,"href":"https:\/\/fundaciograduatssocials.com\/ca\/wp-json\/wp\/v2\/categories?post=3149"},{"taxonomy":"post_tag","embeddable":true,"href":"https:\/\/fundaciograduatssocials.com\/ca\/wp-json\/wp\/v2\/tags?post=3149"}],"curies":[{"name":"wp","href":"https:\/\/api.w.org\/{rel}","templated":true}]}}