{"id":3150,"date":"2019-01-23T10:48:39","date_gmt":"2019-01-23T10:48:39","guid":{"rendered":"https:\/\/fundaciograduatssocials.com\/2019\/01\/23\/la-fundacio-de-graduats-socials-acull-la-presentacio-de-la-primera-edicio-del-projecte-yob-a-balears-per-lluitar-contra-latur-juvenil\/"},"modified":"2019-01-23T10:48:39","modified_gmt":"2019-01-23T10:48:39","slug":"la-fundacio-de-graduats-socials-acull-la-presentacio-de-la-primera-edicio-del-projecte-yob-a-balears-per-lluitar-contra-latur-juvenil","status":"publish","type":"post","link":"https:\/\/fundaciograduatssocials.com\/ca\/2019\/01\/23\/la-fundacio-de-graduats-socials-acull-la-presentacio-de-la-primera-edicio-del-projecte-yob-a-balears-per-lluitar-contra-latur-juvenil\/","title":{"rendered":"La Fundaci\u00f3 de Graduats Socials acull la presentaci\u00f3 de la primera edici\u00f3 del Projecte Yob a Balears per lluitar contra l&#8217;atur juvenil"},"content":{"rendered":"<p>La Fundaci\u00f3 de Graduats Socials de Balears col\u00b7labora amb la Fundaci\u00f3 \u00c8xit en un dels seus projectes d&#8217;inserci\u00f3 laboral de joves en risc d&#8217;exclusi\u00f3 social: el Projecte Yob. Aquesta iniciativa ajuda a augmentar l&#8217;ocupabilitat de joves d&#8217;entre 19 i 25 anys amb dificultats per accedir al mercat laboral a trav\u00e9s del contacte directe amb les empreses i de metodologies com l&#8217;ocupabilitat per compet\u00e8ncies i la creaci\u00f3 de marca personal.<\/p>\n<p>Durant el mes que ve, gr\u00e0cies a la col\u00b7laboraci\u00f3 de Stavros Niarchos Foundation, la Fundaci\u00f3 \u00c8xit, Go Consulting formar\u00e0 joves dels instituts IES Emili Darder, Es Liceu i Son Pacs, per accedir al mercat laboral proporcionant-los les eines necess\u00e0ries i donant-los suport per aconseguir seus objectius professionals amb l&#8217;ajuda d&#8217;un mentor de les empreses Avoris, Aeana, Caixa Colonya, Grup Tast i Trivago.<\/p>\n<p>En la presentaci\u00f3\u00a0 van estar presents, Jorge Serrano, consultor i representant del Projecte Coach \u00c8xit a Balears i la vicepresidenta del Col\u00b7legi, Maria Gr\u00e0cia al costat dels voluntaris: Helena Zuzana (Caixa Colonya), Melina Parisi (Trivago), Joan Barcel\u00f3 (Viatges \u00c1voris), Robreto Lamas (Aena), Eugenia Cus\u00ed (Grup Tast). Tamb\u00e9 els organitzadors Jose Alonso (Fundaci\u00f3 \u00c8xit), Jorge Serrano (GO Consulting-Fundaci\u00f3 \u00c8xit), Goretti Tur (GO Consulting).<\/p>\n","protected":false},"excerpt":{"rendered":"<p>La Fundaci\u00f3 de Graduats Socials de Balears col\u00b7labora amb la Fundaci\u00f3 \u00c8xit en un dels seus projectes d&#8217;inserci\u00f3 laboral de joves en risc d&#8217;exclusi\u00f3 social: el Projecte Yob. Aquesta iniciativa ajuda a augmentar l&#8217;ocupabilitat de joves d&#8217;entre 19 i 25 anys amb dificultats per accedir al mercat laboral a trav\u00e9s del contacte directe amb les [&hellip;]<\/p>\n","protected":false},"author":2,"featured_media":2999,"comment_status":"open","ping_status":"open","sticky":false,"template":"","format":"standard","meta":{"footnotes":""},"categories":[20],"tags":[],"class_list":["post-3150","post","type-post","status-publish","format-standard","has-post-thumbnail","hentry","category-noticies-fundacio"],"_links":{"self":[{"href":"https:\/\/fundaciograduatssocials.com\/ca\/wp-json\/wp\/v2\/posts\/3150","targetHints":{"allow":["GET"]}}],"collection":[{"href":"https:\/\/fundaciograduatssocials.com\/ca\/wp-json\/wp\/v2\/posts"}],"about":[{"href":"https:\/\/fundaciograduatssocials.com\/ca\/wp-json\/wp\/v2\/types\/post"}],"author":[{"embeddable":true,"href":"https:\/\/fundaciograduatssocials.com\/ca\/wp-json\/wp\/v2\/users\/2"}],"replies":[{"embeddable":true,"href":"https:\/\/fundaciograduatssocials.com\/ca\/wp-json\/wp\/v2\/comments?post=3150"}],"version-history":[{"count":0,"href":"https:\/\/fundaciograduatssocials.com\/ca\/wp-json\/wp\/v2\/posts\/3150\/revisions"}],"wp:featuredmedia":[{"embeddable":true,"href":"https:\/\/fundaciograduatssocials.com\/ca\/wp-json\/wp\/v2\/media\/2999"}],"wp:attachment":[{"href":"https:\/\/fundaciograduatssocials.com\/ca\/wp-json\/wp\/v2\/media?parent=3150"}],"wp:term":[{"taxonomy":"category","embeddable":true,"href":"https:\/\/fundaciograduatssocials.com\/ca\/wp-json\/wp\/v2\/categories?post=3150"},{"taxonomy":"post_tag","embeddable":true,"href":"https:\/\/fundaciograduatssocials.com\/ca\/wp-json\/wp\/v2\/tags?post=3150"}],"curies":[{"name":"wp","href":"https:\/\/api.w.org\/{rel}","templated":true}]}}