{"id":3154,"date":"2018-10-24T12:11:04","date_gmt":"2018-10-24T12:11:04","guid":{"rendered":"https:\/\/fundaciograduatssocials.com\/2018\/10\/24\/conferencia-sobre-fiscalitat-de-larrendament-permanent-vs-vacacional\/"},"modified":"2018-10-24T12:11:04","modified_gmt":"2018-10-24T12:11:04","slug":"conferencia-sobre-fiscalitat-de-larrendament-permanent-vs-vacacional","status":"publish","type":"post","link":"https:\/\/fundaciograduatssocials.com\/ca\/2018\/10\/24\/conferencia-sobre-fiscalitat-de-larrendament-permanent-vs-vacacional\/","title":{"rendered":"Confer\u00e8ncia sobre fiscalitat de l&#8217;arrendament permanent vs vacacional"},"content":{"rendered":"<p><b><span style=\"color: #212121; font-family: 'Arial','sans-serif'; font-size: 11pt;\">\u00a0<\/span><\/b><span style=\"color: #212121; font-family: 'Arial','sans-serif'; font-size: 11pt;\">La Fundaci\u00f3 de Graduats Socials de les Illes Balears en col\u00b7laboraci\u00f3 amb el Il.ltre. Col\u00b7legi Oficial de Graduats Socials de les Illes Balears han organitzat una confer\u00e8ncia per donar a con\u00e8ixer tem\u00e0tiques sobre fiscalitat pr\u00e0ctica de l&#8217;arrendament per a \u00fas permanent vs. vacacional.<\/span><\/p>\n<p>El ponent va ser Alejandro del Camp Zafra, advocat i assessor fiscal qui va tractar sobre els llocs d&#8217;inter\u00e8s com l&#8217;IRPF, IVA, Impost de societats, impost Renda no residents i Obligacions formals, el nou model 179.<\/p>\n<p>La presentaci\u00f3 del ponent la va realitzar el tresorer del Col\u00b7legi i graduat social, Federico Hermosel, i va ser dirigit a empleats de col\u00b7legiats, socis, col\u00b7laboradors i alumnes de relacions laborals entre altres col\u00b7lectius.<\/p>\n","protected":false},"excerpt":{"rendered":"<p>\u00a0La Fundaci\u00f3 de Graduats Socials de les Illes Balears en col\u00b7laboraci\u00f3 amb el Il.ltre. Col\u00b7legi Oficial de Graduats Socials de les Illes Balears han organitzat una confer\u00e8ncia per donar a con\u00e8ixer tem\u00e0tiques sobre fiscalitat pr\u00e0ctica de l&#8217;arrendament per a \u00fas permanent vs. vacacional. El ponent va ser Alejandro del Camp Zafra, advocat i assessor fiscal [&hellip;]<\/p>\n","protected":false},"author":2,"featured_media":3002,"comment_status":"open","ping_status":"open","sticky":false,"template":"","format":"standard","meta":{"footnotes":""},"categories":[20],"tags":[],"class_list":["post-3154","post","type-post","status-publish","format-standard","has-post-thumbnail","hentry","category-noticies-fundacio"],"_links":{"self":[{"href":"https:\/\/fundaciograduatssocials.com\/ca\/wp-json\/wp\/v2\/posts\/3154","targetHints":{"allow":["GET"]}}],"collection":[{"href":"https:\/\/fundaciograduatssocials.com\/ca\/wp-json\/wp\/v2\/posts"}],"about":[{"href":"https:\/\/fundaciograduatssocials.com\/ca\/wp-json\/wp\/v2\/types\/post"}],"author":[{"embeddable":true,"href":"https:\/\/fundaciograduatssocials.com\/ca\/wp-json\/wp\/v2\/users\/2"}],"replies":[{"embeddable":true,"href":"https:\/\/fundaciograduatssocials.com\/ca\/wp-json\/wp\/v2\/comments?post=3154"}],"version-history":[{"count":0,"href":"https:\/\/fundaciograduatssocials.com\/ca\/wp-json\/wp\/v2\/posts\/3154\/revisions"}],"wp:featuredmedia":[{"embeddable":true,"href":"https:\/\/fundaciograduatssocials.com\/ca\/wp-json\/wp\/v2\/media\/3002"}],"wp:attachment":[{"href":"https:\/\/fundaciograduatssocials.com\/ca\/wp-json\/wp\/v2\/media?parent=3154"}],"wp:term":[{"taxonomy":"category","embeddable":true,"href":"https:\/\/fundaciograduatssocials.com\/ca\/wp-json\/wp\/v2\/categories?post=3154"},{"taxonomy":"post_tag","embeddable":true,"href":"https:\/\/fundaciograduatssocials.com\/ca\/wp-json\/wp\/v2\/tags?post=3154"}],"curies":[{"name":"wp","href":"https:\/\/api.w.org\/{rel}","templated":true}]}}