{"id":3155,"date":"2018-09-24T12:52:17","date_gmt":"2018-09-24T12:52:17","guid":{"rendered":"https:\/\/fundaciograduatssocials.com\/2018\/09\/24\/la-fundacio-de-graduats-socials-ret-homenatge-als-voluntaris-de-loficina-dorientacio-juridic-laboral\/"},"modified":"2025-06-01T07:36:41","modified_gmt":"2025-06-01T07:36:41","slug":"la-fundacio-de-graduats-socials-ret-homenatge-als-voluntaris-de-loficina-dorientacio-juridic-laboral","status":"publish","type":"post","link":"https:\/\/fundaciograduatssocials.com\/ca\/2018\/09\/24\/la-fundacio-de-graduats-socials-ret-homenatge-als-voluntaris-de-loficina-dorientacio-juridic-laboral\/","title":{"rendered":"La Fundaci\u00f3 de Graduats Socials  ret homenatge als voluntaris  de l&#8217;Oficina d&#8217;Orientaci\u00f3 Jur\u00eddic-Laboral"},"content":{"rendered":"<p>La Fundaci\u00f3 de Graduats Socials de les Illes Balears en col\u00b7laboraci\u00f3 amb el Col\u00b7legi de Graduats Socials va homenatjar els col\u00b7legiats que el 2018 han col\u00b7laborat de manera desinteressada a l&#8217;Oficina d&#8217;Orientaci\u00f3 Jur\u00eddic-Laboral que t\u00e9 aquest col\u00b7lectiu professional a Mallorca. Aquesta oficina es va constituir el 2011 per ajudar i orientar els ciutadans en mat\u00e8ria laboral i es comptabilitzen gaireb\u00e9 mil consultes anuals.<\/p>\n<p>El passat mes de juny, el conseller de Treball, Comer\u00e7 i Ind\u00fastria, Iago Negueruela, i la presidenta de la Fundaci\u00f3 de graduats socials de les Illes Balears, Apol\u00b7l\u00f2nia Juli\u00e0, van signar un acord de col\u00b7laboraci\u00f3 amb l&#8217;objecte de refor\u00e7ar el treball de l&#8217;Oficina d&#8217;orientaci\u00f3 jur\u00eddica laboral, creada per atendre de manera gratu\u00efta consultes en mat\u00e8ria laboral i de seguretat social.<\/p>\n<p>La presidenta dels Graduats Socials de Balears, Apol.l\u00f2nia Juli\u00e0, es va mostrar molt satisfeta pel bon funcionament d&#8217;aquesta oficina i va animar els companys que encara no han participat en aquesta oficina ja que la tasca que es realitza \u00e9s &#8220;molt gratificant&#8221; .<\/p>\n<p>La relaci\u00f3 d&#8217;integrants a l&#8217;Oficina d&#8217;Orientaci\u00f3 Jur\u00eddic-Laboral de Mallorca el 2018 s\u00f3n Rafael Aguil\u00f3 Ingl\u00e9s, Juan Francisco Arg\u00fcelles S\u00e1nchez, Jes\u00fas Avil\u00e9s Mu\u00f1oz, Bartolom\u00e9 Bosch Agad\u00eda, Francisco Cabello Guiscafre, Antoni Carbonell Torres, Rafael A. Cerd\u00f3 P\u00e9rez, \u00a0Antoni Florit Vallori, Mar\u00eda Amparo Gallego Garc\u00eda, Merc\u00e8 Garc\u00eda Mill\u00e1n, Federico Hermosel Garrigue, Catalina Homar Sans\u00f3, Apol\u00b7l\u00f2nia Juli\u00e0 Andreu, Juan A. Marim\u00f3n Piz\u00e1, Margarita Mar\u00eda M\u00e1s Sorell, Maria Gracia Matas Oliva, Mar\u00eda Catalina Mu\u00f1oz Servera, Miguel Mut Barcel\u00f3, Francisco Navarro Lid\u00f3n, Antonio Pascual Galm\u00e9s, Miguel Pastor Aloy, Raimon Pedemonte Rubio, Manuel Pic\u00f3 Bennasar, Jos\u00e9 Vicente Planells Roig, Johanny Rodr\u00edguez Vargas, Raquel Ros Dos Santos, Daniel Ruiz Cancho, Arantxa Sitjar Mansilla, Jaume Salvador Sitjar Ramis, Adela Soriano Fiallega, Miguel Tous Pellicer.<\/p>\n","protected":false},"excerpt":{"rendered":"<p>La Fundaci\u00f3 de Graduats Socials de les Illes Balears en col\u00b7laboraci\u00f3 amb el Col\u00b7legi de Graduats Socials va homenatjar els col\u00b7legiats que el 2018 han col\u00b7laborat de manera desinteressada a l&#8217;Oficina d&#8217;Orientaci\u00f3 Jur\u00eddic-Laboral que t\u00e9 aquest col\u00b7lectiu professional a Mallorca. Aquesta oficina es va constituir el 2011 per ajudar i orientar els ciutadans en mat\u00e8ria [&hellip;]<\/p>\n","protected":false},"author":2,"featured_media":3003,"comment_status":"open","ping_status":"open","sticky":false,"template":"","format":"standard","meta":{"footnotes":""},"categories":[20],"tags":[],"class_list":["post-3155","post","type-post","status-publish","format-standard","has-post-thumbnail","hentry","category-noticies-fundacio"],"_links":{"self":[{"href":"https:\/\/fundaciograduatssocials.com\/ca\/wp-json\/wp\/v2\/posts\/3155","targetHints":{"allow":["GET"]}}],"collection":[{"href":"https:\/\/fundaciograduatssocials.com\/ca\/wp-json\/wp\/v2\/posts"}],"about":[{"href":"https:\/\/fundaciograduatssocials.com\/ca\/wp-json\/wp\/v2\/types\/post"}],"author":[{"embeddable":true,"href":"https:\/\/fundaciograduatssocials.com\/ca\/wp-json\/wp\/v2\/users\/2"}],"replies":[{"embeddable":true,"href":"https:\/\/fundaciograduatssocials.com\/ca\/wp-json\/wp\/v2\/comments?post=3155"}],"version-history":[{"count":1,"href":"https:\/\/fundaciograduatssocials.com\/ca\/wp-json\/wp\/v2\/posts\/3155\/revisions"}],"predecessor-version":[{"id":3156,"href":"https:\/\/fundaciograduatssocials.com\/ca\/wp-json\/wp\/v2\/posts\/3155\/revisions\/3156"}],"wp:featuredmedia":[{"embeddable":true,"href":"https:\/\/fundaciograduatssocials.com\/ca\/wp-json\/wp\/v2\/media\/3003"}],"wp:attachment":[{"href":"https:\/\/fundaciograduatssocials.com\/ca\/wp-json\/wp\/v2\/media?parent=3155"}],"wp:term":[{"taxonomy":"category","embeddable":true,"href":"https:\/\/fundaciograduatssocials.com\/ca\/wp-json\/wp\/v2\/categories?post=3155"},{"taxonomy":"post_tag","embeddable":true,"href":"https:\/\/fundaciograduatssocials.com\/ca\/wp-json\/wp\/v2\/tags?post=3155"}],"curies":[{"name":"wp","href":"https:\/\/api.w.org\/{rel}","templated":true}]}}