{"id":3158,"date":"2017-06-15T09:57:51","date_gmt":"2017-06-15T09:57:51","guid":{"rendered":"https:\/\/fundaciograduatssocials.com\/2017\/06\/15\/jornada-del-cicle-de-xerrades-per-a-lempreneduria-autonoms\/"},"modified":"2017-06-15T09:57:51","modified_gmt":"2017-06-15T09:57:51","slug":"jornada-del-cicle-de-xerrades-per-a-lempreneduria-autonoms","status":"publish","type":"post","link":"https:\/\/fundaciograduatssocials.com\/ca\/2017\/06\/15\/jornada-del-cicle-de-xerrades-per-a-lempreneduria-autonoms\/","title":{"rendered":"JORNADA DEL CICLE DE XERRADES PER A L&#8217;EMPRENEDURIA: AUT\u00d2NOMS."},"content":{"rendered":"<p>Instructiva Jornada a l&#8217;Ajuntament de Manacor. Per part de la Fundaci\u00f3 de Graduats Socials de les Illes Balears ha participat com a ponent Catalina Galm\u00e9s Rossell\u00f3 que ha esmicolat tots els secrets de l&#8217;aut\u00f2nom, indicant els passos a seguir en les diferents administracions per fer l&#8217;alta, ha enumerat els avantatges i desavantatges de les diferents gestions i impostos, aix\u00ed com els diferents incentius i bonificacions relacionades amb aquesta figura empresarial en les seves diferents versions i societats.<\/p>\n<p><img fetchpriority=\"high\" decoding=\"async\" class=\"alignnone size-medium wp-image-1942\" src=\"http:\/\/www.fundaciograduatssocials.es\/wp-content\/uploads\/2017\/06\/18622298_1309854145794519_5691783414270988316_n-300x225.jpg\" alt=\"18622298_1309854145794519_5691783414270988316_n\" width=\"300\" height=\"225\" \/><\/p>\n<p>Catalina Galm\u00e9s, Graduada Social, especialista \u00a0en mat\u00e8ria del treball i de la seguretat social,\u00a0ha demostrat sobradament la seva professionalitat i coneixements en l&#8217;activitat que exerceix, resolent de forma individual els diferents casos plantejats pels participants al voltant de la seva activitat actual o futura com a emprenedor.<br \/>\nDes Desenvolupament Local volem agrair a la Fundaci\u00f3 de Graduats Socials de les Illes Balears la seva participaci\u00f3 a Catalina la qualitat de la seva pon\u00e8ncia i l&#8217;acostament a la realitat dels emprenedors i com sempre agrair a tots els assistents les seves aportacions.<\/p>\n","protected":false},"excerpt":{"rendered":"<p>Instructiva Jornada a l&#8217;Ajuntament de Manacor. Per part de la Fundaci\u00f3 de Graduats Socials de les Illes Balears ha participat com a ponent Catalina Galm\u00e9s Rossell\u00f3 que ha esmicolat tots els secrets de l&#8217;aut\u00f2nom, indicant els passos a seguir en les diferents administracions per fer l&#8217;alta, ha enumerat els avantatges i desavantatges de les diferents [&hellip;]<\/p>\n","protected":false},"author":2,"featured_media":3013,"comment_status":"open","ping_status":"open","sticky":false,"template":"","format":"standard","meta":{"footnotes":""},"categories":[20],"tags":[],"class_list":["post-3158","post","type-post","status-publish","format-standard","has-post-thumbnail","hentry","category-noticies-fundacio"],"_links":{"self":[{"href":"https:\/\/fundaciograduatssocials.com\/ca\/wp-json\/wp\/v2\/posts\/3158","targetHints":{"allow":["GET"]}}],"collection":[{"href":"https:\/\/fundaciograduatssocials.com\/ca\/wp-json\/wp\/v2\/posts"}],"about":[{"href":"https:\/\/fundaciograduatssocials.com\/ca\/wp-json\/wp\/v2\/types\/post"}],"author":[{"embeddable":true,"href":"https:\/\/fundaciograduatssocials.com\/ca\/wp-json\/wp\/v2\/users\/2"}],"replies":[{"embeddable":true,"href":"https:\/\/fundaciograduatssocials.com\/ca\/wp-json\/wp\/v2\/comments?post=3158"}],"version-history":[{"count":0,"href":"https:\/\/fundaciograduatssocials.com\/ca\/wp-json\/wp\/v2\/posts\/3158\/revisions"}],"wp:featuredmedia":[{"embeddable":true,"href":"https:\/\/fundaciograduatssocials.com\/ca\/wp-json\/wp\/v2\/media\/3013"}],"wp:attachment":[{"href":"https:\/\/fundaciograduatssocials.com\/ca\/wp-json\/wp\/v2\/media?parent=3158"}],"wp:term":[{"taxonomy":"category","embeddable":true,"href":"https:\/\/fundaciograduatssocials.com\/ca\/wp-json\/wp\/v2\/categories?post=3158"},{"taxonomy":"post_tag","embeddable":true,"href":"https:\/\/fundaciograduatssocials.com\/ca\/wp-json\/wp\/v2\/tags?post=3158"}],"curies":[{"name":"wp","href":"https:\/\/api.w.org\/{rel}","templated":true}]}}