{"id":3159,"date":"2017-06-08T15:03:28","date_gmt":"2017-06-08T15:03:28","guid":{"rendered":"https:\/\/fundaciograduatssocials.com\/2017\/06\/08\/col%c2%b7laboracio-per-locupacio-de-qualitat-a-balears\/"},"modified":"2017-06-08T15:03:28","modified_gmt":"2017-06-08T15:03:28","slug":"col%c2%b7laboracio-per-locupacio-de-qualitat-a-balears","status":"publish","type":"post","link":"https:\/\/fundaciograduatssocials.com\/ca\/2017\/06\/08\/col%c2%b7laboracio-per-locupacio-de-qualitat-a-balears\/","title":{"rendered":"COL\u00b7LABORACI\u00d3 PER L&#8217;OCUPACI\u00d3 DE QUALITAT A BALEARS"},"content":{"rendered":"<p>La Ministra d&#8217;Ocupaci\u00f3 i Seguretat Social, F\u00e1tima B\u00e1\u00f1ez, ha signat un conveni de col\u00b7laboraci\u00f3 entre el Ministeri i la Comunitat Aut\u00f2noma de les Illes Balears. En el marc d&#8217;aquest conveni es reeditar\u00e0 el Pla de Lluita contra la Precarietat Laboral, Pla que es configura com una de les eines per avan\u00e7ar cap a una ocupaci\u00f3 de qualitat. En l&#8217;Acte de Signatura \u00a0va estar present, entre d&#8217;altres personalitats de la CCAA, Apol\u00b7l\u00f2nia Juli\u00e0, presidenta de la Fundaci\u00f3 de l&#8217;Iltre Col \u2022 legi Oficial de Graduats Socials, entitat que batalla per millorar les relacions laborals de tots els ciutadans.<\/p>\n<p>7 de juny 2017<\/p>\n","protected":false},"excerpt":{"rendered":"<p>La Ministra d&#8217;Ocupaci\u00f3 i Seguretat Social, F\u00e1tima B\u00e1\u00f1ez, ha signat un conveni de col\u00b7laboraci\u00f3 entre el Ministeri i la Comunitat Aut\u00f2noma de les Illes Balears. En el marc d&#8217;aquest conveni es reeditar\u00e0 el Pla de Lluita contra la Precarietat Laboral, Pla que es configura com una de les eines per avan\u00e7ar cap a una ocupaci\u00f3 [&hellip;]<\/p>\n","protected":false},"author":2,"featured_media":3015,"comment_status":"open","ping_status":"open","sticky":false,"template":"","format":"standard","meta":{"footnotes":""},"categories":[20],"tags":[],"class_list":["post-3159","post","type-post","status-publish","format-standard","has-post-thumbnail","hentry","category-noticies-fundacio"],"_links":{"self":[{"href":"https:\/\/fundaciograduatssocials.com\/ca\/wp-json\/wp\/v2\/posts\/3159","targetHints":{"allow":["GET"]}}],"collection":[{"href":"https:\/\/fundaciograduatssocials.com\/ca\/wp-json\/wp\/v2\/posts"}],"about":[{"href":"https:\/\/fundaciograduatssocials.com\/ca\/wp-json\/wp\/v2\/types\/post"}],"author":[{"embeddable":true,"href":"https:\/\/fundaciograduatssocials.com\/ca\/wp-json\/wp\/v2\/users\/2"}],"replies":[{"embeddable":true,"href":"https:\/\/fundaciograduatssocials.com\/ca\/wp-json\/wp\/v2\/comments?post=3159"}],"version-history":[{"count":0,"href":"https:\/\/fundaciograduatssocials.com\/ca\/wp-json\/wp\/v2\/posts\/3159\/revisions"}],"wp:featuredmedia":[{"embeddable":true,"href":"https:\/\/fundaciograduatssocials.com\/ca\/wp-json\/wp\/v2\/media\/3015"}],"wp:attachment":[{"href":"https:\/\/fundaciograduatssocials.com\/ca\/wp-json\/wp\/v2\/media?parent=3159"}],"wp:term":[{"taxonomy":"category","embeddable":true,"href":"https:\/\/fundaciograduatssocials.com\/ca\/wp-json\/wp\/v2\/categories?post=3159"},{"taxonomy":"post_tag","embeddable":true,"href":"https:\/\/fundaciograduatssocials.com\/ca\/wp-json\/wp\/v2\/tags?post=3159"}],"curies":[{"name":"wp","href":"https:\/\/api.w.org\/{rel}","templated":true}]}}