{"id":3161,"date":"2017-06-02T07:16:25","date_gmt":"2017-06-02T07:16:25","guid":{"rendered":"https:\/\/fundaciograduatssocials.com\/2017\/06\/02\/limitacio-de-responsabilitat-en-lus-de-certificats-digitals-i-notificacions-electroniques\/"},"modified":"2017-06-02T07:16:25","modified_gmt":"2017-06-02T07:16:25","slug":"limitacio-de-responsabilitat-en-lus-de-certificats-digitals-i-notificacions-electroniques","status":"publish","type":"post","link":"https:\/\/fundaciograduatssocials.com\/ca\/2017\/06\/02\/limitacio-de-responsabilitat-en-lus-de-certificats-digitals-i-notificacions-electroniques\/","title":{"rendered":"LIMITACI\u00d3 DE RESPONSABILITAT EN L&#8217;\u00daS DE CERTIFICATS DIGITALS I NOTIFICACIONS ELECTR\u00d2NIQUES"},"content":{"rendered":"<p>\u00c8xit de la jornada formativa sobre responsabilitats en l&#8217;\u00fas de certificats digitals, organitzada per la Fundaci\u00f3 del Col\u00b7legi de Graduats Socials, en col\u00b7laboraci\u00f3 amb\u00a0<strong>GLOBAL4<\/strong>, va comptar amb un ponent de primer nivell, Sergio Ruiz, CEO de l&#8217;empresa IVNOSYS.<br \/>\nEl tema va suscitar gran inter\u00e8s per als professionals de serveis o els qui representin un interessat que estigui obligat a dirigir electr\u00f2nicament a l&#8217;Administraci\u00f3, ja que, sens dubte, el sistema electr\u00f2nic comporta un increment de la c\u00e0rrega de treball i una responsabilitat addicional.<\/p>\n<p>1 juny 2017<\/p>\n","protected":false},"excerpt":{"rendered":"<p>\u00c8xit de la jornada formativa sobre responsabilitats en l&#8217;\u00fas de certificats digitals, organitzada per la Fundaci\u00f3 del Col\u00b7legi de Graduats Socials, en col\u00b7laboraci\u00f3 amb\u00a0GLOBAL4, va comptar amb un ponent de primer nivell, Sergio Ruiz, CEO de l&#8217;empresa IVNOSYS. El tema va suscitar gran inter\u00e8s per als professionals de serveis o els qui representin un interessat [&hellip;]<\/p>\n","protected":false},"author":2,"featured_media":3017,"comment_status":"open","ping_status":"open","sticky":false,"template":"","format":"standard","meta":{"footnotes":""},"categories":[20],"tags":[],"class_list":["post-3161","post","type-post","status-publish","format-standard","has-post-thumbnail","hentry","category-noticies-fundacio"],"_links":{"self":[{"href":"https:\/\/fundaciograduatssocials.com\/ca\/wp-json\/wp\/v2\/posts\/3161","targetHints":{"allow":["GET"]}}],"collection":[{"href":"https:\/\/fundaciograduatssocials.com\/ca\/wp-json\/wp\/v2\/posts"}],"about":[{"href":"https:\/\/fundaciograduatssocials.com\/ca\/wp-json\/wp\/v2\/types\/post"}],"author":[{"embeddable":true,"href":"https:\/\/fundaciograduatssocials.com\/ca\/wp-json\/wp\/v2\/users\/2"}],"replies":[{"embeddable":true,"href":"https:\/\/fundaciograduatssocials.com\/ca\/wp-json\/wp\/v2\/comments?post=3161"}],"version-history":[{"count":0,"href":"https:\/\/fundaciograduatssocials.com\/ca\/wp-json\/wp\/v2\/posts\/3161\/revisions"}],"wp:featuredmedia":[{"embeddable":true,"href":"https:\/\/fundaciograduatssocials.com\/ca\/wp-json\/wp\/v2\/media\/3017"}],"wp:attachment":[{"href":"https:\/\/fundaciograduatssocials.com\/ca\/wp-json\/wp\/v2\/media?parent=3161"}],"wp:term":[{"taxonomy":"category","embeddable":true,"href":"https:\/\/fundaciograduatssocials.com\/ca\/wp-json\/wp\/v2\/categories?post=3161"},{"taxonomy":"post_tag","embeddable":true,"href":"https:\/\/fundaciograduatssocials.com\/ca\/wp-json\/wp\/v2\/tags?post=3161"}],"curies":[{"name":"wp","href":"https:\/\/api.w.org\/{rel}","templated":true}]}}