{"id":3162,"date":"2017-06-02T06:59:15","date_gmt":"2017-06-02T06:59:15","guid":{"rendered":"https:\/\/fundaciograduatssocials.com\/2017\/06\/02\/prevencio-eficac-sinonim-de-millors-condicions-laborals-dels-treballadors\/"},"modified":"2025-06-01T07:42:09","modified_gmt":"2025-06-01T07:42:09","slug":"prevencio-eficac-sinonim-de-millors-condicions-laborals-dels-treballadors","status":"publish","type":"post","link":"https:\/\/fundaciograduatssocials.com\/ca\/2017\/06\/02\/prevencio-eficac-sinonim-de-millors-condicions-laborals-dels-treballadors\/","title":{"rendered":"PREVENCI\u00d3 EFICA\u00c7 SIN\u00d2NIM DE MILLORS CONDICIONS LABORALS DELS TREBALLADORS"},"content":{"rendered":"<p>La jornada formativa en mat\u00e8ria de prevenci\u00f3 per a les empreses de construcci\u00f3 i sectors afins, que va comptar amb la col\u00b7laboraci\u00f3 de<strong>\u00a0PREVIS<\/strong>, es va centrar en les obligacions de l&#8217;empresari i pautes que disminueixen la sinistralitat que es d\u00f3na en aquest sector d&#8217;elevat risc de perillositat<\/p>\n<p>Antonio J. Bennasar, T\u00e8cnic Superior en Prevenci\u00f3 de Riscos Laborals, ha assenyalat que la formaci\u00f3 i el compliment de les obligacions empresarials s\u00f3n elements b\u00e0sics per a una prevenci\u00f3 efica\u00e7.<\/p>\n<p>18 maig 2017<\/p>\n","protected":false},"excerpt":{"rendered":"<p>La jornada formativa en mat\u00e8ria de prevenci\u00f3 per a les empreses de construcci\u00f3 i sectors afins, que va comptar amb la col\u00b7laboraci\u00f3 de\u00a0PREVIS, es va centrar en les obligacions de l&#8217;empresari i pautes que disminueixen la sinistralitat que es d\u00f3na en aquest sector d&#8217;elevat risc de perillositat Antonio J. Bennasar, T\u00e8cnic Superior en Prevenci\u00f3 de [&hellip;]<\/p>\n","protected":false},"author":2,"featured_media":3018,"comment_status":"open","ping_status":"open","sticky":false,"template":"","format":"standard","meta":{"footnotes":""},"categories":[20],"tags":[],"class_list":["post-3162","post","type-post","status-publish","format-standard","has-post-thumbnail","hentry","category-noticies-fundacio"],"_links":{"self":[{"href":"https:\/\/fundaciograduatssocials.com\/ca\/wp-json\/wp\/v2\/posts\/3162","targetHints":{"allow":["GET"]}}],"collection":[{"href":"https:\/\/fundaciograduatssocials.com\/ca\/wp-json\/wp\/v2\/posts"}],"about":[{"href":"https:\/\/fundaciograduatssocials.com\/ca\/wp-json\/wp\/v2\/types\/post"}],"author":[{"embeddable":true,"href":"https:\/\/fundaciograduatssocials.com\/ca\/wp-json\/wp\/v2\/users\/2"}],"replies":[{"embeddable":true,"href":"https:\/\/fundaciograduatssocials.com\/ca\/wp-json\/wp\/v2\/comments?post=3162"}],"version-history":[{"count":1,"href":"https:\/\/fundaciograduatssocials.com\/ca\/wp-json\/wp\/v2\/posts\/3162\/revisions"}],"predecessor-version":[{"id":3163,"href":"https:\/\/fundaciograduatssocials.com\/ca\/wp-json\/wp\/v2\/posts\/3162\/revisions\/3163"}],"wp:featuredmedia":[{"embeddable":true,"href":"https:\/\/fundaciograduatssocials.com\/ca\/wp-json\/wp\/v2\/media\/3018"}],"wp:attachment":[{"href":"https:\/\/fundaciograduatssocials.com\/ca\/wp-json\/wp\/v2\/media?parent=3162"}],"wp:term":[{"taxonomy":"category","embeddable":true,"href":"https:\/\/fundaciograduatssocials.com\/ca\/wp-json\/wp\/v2\/categories?post=3162"},{"taxonomy":"post_tag","embeddable":true,"href":"https:\/\/fundaciograduatssocials.com\/ca\/wp-json\/wp\/v2\/tags?post=3162"}],"curies":[{"name":"wp","href":"https:\/\/api.w.org\/{rel}","templated":true}]}}