{"id":3166,"date":"2017-05-18T11:54:07","date_gmt":"2017-05-18T11:54:07","guid":{"rendered":"https:\/\/fundaciograduatssocials.com\/2017\/05\/18\/la-societat-cooperativa-model-empresarial-de-desenvolupament-economic\/"},"modified":"2017-05-18T11:54:07","modified_gmt":"2017-05-18T11:54:07","slug":"la-societat-cooperativa-model-empresarial-de-desenvolupament-economic","status":"publish","type":"post","link":"https:\/\/fundaciograduatssocials.com\/ca\/2017\/05\/18\/la-societat-cooperativa-model-empresarial-de-desenvolupament-economic\/","title":{"rendered":"LA SOCIETAT COOPERATIVA MODEL EMPRESARIAL DE DESENVOLUPAMENT ECON\u00d2MIC"},"content":{"rendered":"<p>Jos\u00e9 Mar\u00eda Valiente, especialista en mat\u00e8ria de cooperatives, va ser l&#8217;encarregat d&#8217;impartir el curs &#8220;La Societat Cooperativa. Nivell b\u00e0sic&#8221;. Valent va definir i va analitzar les caracter\u00edstiques principals d&#8217;una cooperativa, el seu r\u00e8gim econ\u00f2mic, comptable i fiscal.<\/p>\n<p>El curs va comptar amb la participaci\u00f3 de Xavier Segu\u00ed, membre del Consell Rector de la Uni\u00f3 de Cooperatives de Treball Associal (UCTAIB), que va destacar la funci\u00f3 social i econ\u00f2mica d&#8217;aquest model empresarial que sorgeix a partir de la iniciativa d&#8217;un grup de persones que decideixen associar-se posant en com\u00fa la seva for\u00e7a de treball.<\/p>\n<p>17 maig 2017<\/p>\n","protected":false},"excerpt":{"rendered":"<p>Jos\u00e9 Mar\u00eda Valiente, especialista en mat\u00e8ria de cooperatives, va ser l&#8217;encarregat d&#8217;impartir el curs &#8220;La Societat Cooperativa. Nivell b\u00e0sic&#8221;. Valent va definir i va analitzar les caracter\u00edstiques principals d&#8217;una cooperativa, el seu r\u00e8gim econ\u00f2mic, comptable i fiscal. El curs va comptar amb la participaci\u00f3 de Xavier Segu\u00ed, membre del Consell Rector de la Uni\u00f3 de [&hellip;]<\/p>\n","protected":false},"author":2,"featured_media":3021,"comment_status":"open","ping_status":"open","sticky":false,"template":"","format":"standard","meta":{"footnotes":""},"categories":[20],"tags":[],"class_list":["post-3166","post","type-post","status-publish","format-standard","has-post-thumbnail","hentry","category-noticies-fundacio"],"_links":{"self":[{"href":"https:\/\/fundaciograduatssocials.com\/ca\/wp-json\/wp\/v2\/posts\/3166","targetHints":{"allow":["GET"]}}],"collection":[{"href":"https:\/\/fundaciograduatssocials.com\/ca\/wp-json\/wp\/v2\/posts"}],"about":[{"href":"https:\/\/fundaciograduatssocials.com\/ca\/wp-json\/wp\/v2\/types\/post"}],"author":[{"embeddable":true,"href":"https:\/\/fundaciograduatssocials.com\/ca\/wp-json\/wp\/v2\/users\/2"}],"replies":[{"embeddable":true,"href":"https:\/\/fundaciograduatssocials.com\/ca\/wp-json\/wp\/v2\/comments?post=3166"}],"version-history":[{"count":0,"href":"https:\/\/fundaciograduatssocials.com\/ca\/wp-json\/wp\/v2\/posts\/3166\/revisions"}],"wp:featuredmedia":[{"embeddable":true,"href":"https:\/\/fundaciograduatssocials.com\/ca\/wp-json\/wp\/v2\/media\/3021"}],"wp:attachment":[{"href":"https:\/\/fundaciograduatssocials.com\/ca\/wp-json\/wp\/v2\/media?parent=3166"}],"wp:term":[{"taxonomy":"category","embeddable":true,"href":"https:\/\/fundaciograduatssocials.com\/ca\/wp-json\/wp\/v2\/categories?post=3166"},{"taxonomy":"post_tag","embeddable":true,"href":"https:\/\/fundaciograduatssocials.com\/ca\/wp-json\/wp\/v2\/tags?post=3166"}],"curies":[{"name":"wp","href":"https:\/\/api.w.org\/{rel}","templated":true}]}}