{"id":3167,"date":"2017-05-16T16:13:55","date_gmt":"2017-05-16T16:13:55","guid":{"rendered":"https:\/\/fundaciograduatssocials.com\/2017\/05\/16\/el-sistema-renta-web-esta-ya-disponible-para-todos-los-declarantes\/"},"modified":"2017-05-16T16:13:55","modified_gmt":"2017-05-16T16:13:55","slug":"el-sistema-renta-web-esta-ya-disponible-para-todos-los-declarantes","status":"publish","type":"post","link":"https:\/\/fundaciograduatssocials.com\/ca\/2017\/05\/16\/el-sistema-renta-web-esta-ya-disponible-para-todos-los-declarantes\/","title":{"rendered":"EL SISTEMA &#8220;RENTA WEB&#8221; EST\u00c1 YA DISPONIBLE PARA TODOS LOS DECLARANTES"},"content":{"rendered":"<p>La participaci\u00f3n activa de los discentes fue el fiel reflejo del inter\u00e9s que despert\u00f3 la jornada formativa sobre la RENTA. Jes\u00fas Murillo Ballestero, Administrador de la Administraci\u00f3n Estatal de la Agencia Tributaria (AEAT) en Inca, explic\u00f3 con detalle las principales novedades que registra la Campa\u00f1a 2016.<\/p>\n<p>11 de mayo 2017<\/p>\n","protected":false},"excerpt":{"rendered":"<p>La participaci\u00f3n activa de los discentes fue el fiel reflejo del inter\u00e9s que despert\u00f3 la jornada formativa sobre la RENTA. Jes\u00fas Murillo Ballestero, Administrador de la Administraci\u00f3n Estatal de la Agencia Tributaria (AEAT) en Inca, explic\u00f3 con detalle las principales novedades que registra la Campa\u00f1a 2016. 11 de mayo 2017<\/p>\n","protected":false},"author":2,"featured_media":3022,"comment_status":"open","ping_status":"open","sticky":false,"template":"","format":"standard","meta":{"footnotes":""},"categories":[20],"tags":[],"class_list":["post-3167","post","type-post","status-publish","format-standard","has-post-thumbnail","hentry","category-noticies-fundacio"],"_links":{"self":[{"href":"https:\/\/fundaciograduatssocials.com\/ca\/wp-json\/wp\/v2\/posts\/3167","targetHints":{"allow":["GET"]}}],"collection":[{"href":"https:\/\/fundaciograduatssocials.com\/ca\/wp-json\/wp\/v2\/posts"}],"about":[{"href":"https:\/\/fundaciograduatssocials.com\/ca\/wp-json\/wp\/v2\/types\/post"}],"author":[{"embeddable":true,"href":"https:\/\/fundaciograduatssocials.com\/ca\/wp-json\/wp\/v2\/users\/2"}],"replies":[{"embeddable":true,"href":"https:\/\/fundaciograduatssocials.com\/ca\/wp-json\/wp\/v2\/comments?post=3167"}],"version-history":[{"count":0,"href":"https:\/\/fundaciograduatssocials.com\/ca\/wp-json\/wp\/v2\/posts\/3167\/revisions"}],"wp:featuredmedia":[{"embeddable":true,"href":"https:\/\/fundaciograduatssocials.com\/ca\/wp-json\/wp\/v2\/media\/3022"}],"wp:attachment":[{"href":"https:\/\/fundaciograduatssocials.com\/ca\/wp-json\/wp\/v2\/media?parent=3167"}],"wp:term":[{"taxonomy":"category","embeddable":true,"href":"https:\/\/fundaciograduatssocials.com\/ca\/wp-json\/wp\/v2\/categories?post=3167"},{"taxonomy":"post_tag","embeddable":true,"href":"https:\/\/fundaciograduatssocials.com\/ca\/wp-json\/wp\/v2\/tags?post=3167"}],"curies":[{"name":"wp","href":"https:\/\/api.w.org\/{rel}","templated":true}]}}