{"id":3171,"date":"2017-05-03T12:31:31","date_gmt":"2017-05-03T12:31:31","guid":{"rendered":"https:\/\/fundaciograduatssocials.com\/2017\/05\/03\/la-fundacio-de-graduats-socials-imparteix-una-sessio-formativa-als-treballadors-del-programa-visibles\/"},"modified":"2017-05-03T12:31:31","modified_gmt":"2017-05-03T12:31:31","slug":"la-fundacio-de-graduats-socials-imparteix-una-sessio-formativa-als-treballadors-del-programa-visibles","status":"publish","type":"post","link":"https:\/\/fundaciograduatssocials.com\/ca\/2017\/05\/03\/la-fundacio-de-graduats-socials-imparteix-una-sessio-formativa-als-treballadors-del-programa-visibles\/","title":{"rendered":"La Fundaci\u00f3 de Graduats Socials imparteix una sessi\u00f3 formativa als treballadors del programa Visibles"},"content":{"rendered":"<p>Treballadors de la brigada, contractats per l&#8217;IMAS en el marc del programa de millora de l&#8217;ocupabilitat dels treballadors desocupats de m\u00e9s edat, han rebut \u00a0una formaci\u00f3 en mat\u00e8ria d&#8217;inserci\u00f3 laboral.<!--more--><\/p>\n<p>La jornada, impartida per la vicepresidenta de la Fundaci\u00f3 de Graduats Socials, Emilia Goyanes, s&#8217;emmarca dins el conjunt de les actuacions de la fundaci\u00f3, que consisteixen en accions de dinamitzaci\u00f3 d&#8217;iniciatives d&#8217;autoocupaci\u00f3, sessions formatives i d&#8217;assessorament laboral per tal de facilitar la inserci\u00f3 sociolaboral de les persones participants al programa.<\/p>\n<p>28-04-2017<\/p>\n","protected":false},"excerpt":{"rendered":"<p>Treballadors de la brigada, contractats per l&#8217;IMAS en el marc del programa de millora de l&#8217;ocupabilitat dels treballadors desocupats de m\u00e9s edat, han rebut \u00a0una formaci\u00f3 en mat\u00e8ria d&#8217;inserci\u00f3 laboral.<\/p>\n","protected":false},"author":2,"featured_media":3026,"comment_status":"open","ping_status":"open","sticky":false,"template":"","format":"standard","meta":{"footnotes":""},"categories":[20],"tags":[],"class_list":["post-3171","post","type-post","status-publish","format-standard","has-post-thumbnail","hentry","category-noticies-fundacio"],"_links":{"self":[{"href":"https:\/\/fundaciograduatssocials.com\/ca\/wp-json\/wp\/v2\/posts\/3171","targetHints":{"allow":["GET"]}}],"collection":[{"href":"https:\/\/fundaciograduatssocials.com\/ca\/wp-json\/wp\/v2\/posts"}],"about":[{"href":"https:\/\/fundaciograduatssocials.com\/ca\/wp-json\/wp\/v2\/types\/post"}],"author":[{"embeddable":true,"href":"https:\/\/fundaciograduatssocials.com\/ca\/wp-json\/wp\/v2\/users\/2"}],"replies":[{"embeddable":true,"href":"https:\/\/fundaciograduatssocials.com\/ca\/wp-json\/wp\/v2\/comments?post=3171"}],"version-history":[{"count":0,"href":"https:\/\/fundaciograduatssocials.com\/ca\/wp-json\/wp\/v2\/posts\/3171\/revisions"}],"wp:featuredmedia":[{"embeddable":true,"href":"https:\/\/fundaciograduatssocials.com\/ca\/wp-json\/wp\/v2\/media\/3026"}],"wp:attachment":[{"href":"https:\/\/fundaciograduatssocials.com\/ca\/wp-json\/wp\/v2\/media?parent=3171"}],"wp:term":[{"taxonomy":"category","embeddable":true,"href":"https:\/\/fundaciograduatssocials.com\/ca\/wp-json\/wp\/v2\/categories?post=3171"},{"taxonomy":"post_tag","embeddable":true,"href":"https:\/\/fundaciograduatssocials.com\/ca\/wp-json\/wp\/v2\/tags?post=3171"}],"curies":[{"name":"wp","href":"https:\/\/api.w.org\/{rel}","templated":true}]}}