{"id":3172,"date":"2017-04-28T13:00:36","date_gmt":"2017-04-28T13:00:36","guid":{"rendered":"https:\/\/fundaciograduatssocials.com\/2017\/04\/28\/les-entitats-sense-anim-de-lucre-poden-presentar-concurs\/"},"modified":"2017-04-28T13:00:36","modified_gmt":"2017-04-28T13:00:36","slug":"les-entitats-sense-anim-de-lucre-poden-presentar-concurs","status":"publish","type":"post","link":"https:\/\/fundaciograduatssocials.com\/ca\/2017\/04\/28\/les-entitats-sense-anim-de-lucre-poden-presentar-concurs\/","title":{"rendered":"LES ENTITATS SENSE \u00c0NIM DE LUCRE PODEN PRESENTAR CONCURS?"},"content":{"rendered":"<p>Els concursos de creditors, realitats i mites, va ser el t\u00edtol de la confer\u00e8ncia impartida per l&#8217;advocat especialista en dret concursal, mercantil i de societats , Sebasti\u00e0 Frau. Una amena confer\u00e8ncia, plena de valuosa informaci\u00f3, an\u00e8cdotes i consells mantenir en tot moment l&#8217;atenci\u00f3 de l&#8217;auditori.<\/p>\n<p><!--more--><\/p>\n<p>Sebasti\u00e0 Frau i Gai\u00e0, expert en mat\u00e8ria de dret concursal \u00e9s autor del llibre que porta per t\u00edtol &#8220;La qualificaci\u00f3 en el concurs de creditors. Una visi\u00f3 cr\u00edtica&#8221;.<\/p>\n<p>27 abril 2017<\/p>\n","protected":false},"excerpt":{"rendered":"<p>Els concursos de creditors, realitats i mites, va ser el t\u00edtol de la confer\u00e8ncia impartida per l&#8217;advocat especialista en dret concursal, mercantil i de societats , Sebasti\u00e0 Frau. Una amena confer\u00e8ncia, plena de valuosa informaci\u00f3, an\u00e8cdotes i consells mantenir en tot moment l&#8217;atenci\u00f3 de l&#8217;auditori.<\/p>\n","protected":false},"author":2,"featured_media":3027,"comment_status":"open","ping_status":"open","sticky":false,"template":"","format":"standard","meta":{"footnotes":""},"categories":[20],"tags":[],"class_list":["post-3172","post","type-post","status-publish","format-standard","has-post-thumbnail","hentry","category-noticies-fundacio"],"_links":{"self":[{"href":"https:\/\/fundaciograduatssocials.com\/ca\/wp-json\/wp\/v2\/posts\/3172","targetHints":{"allow":["GET"]}}],"collection":[{"href":"https:\/\/fundaciograduatssocials.com\/ca\/wp-json\/wp\/v2\/posts"}],"about":[{"href":"https:\/\/fundaciograduatssocials.com\/ca\/wp-json\/wp\/v2\/types\/post"}],"author":[{"embeddable":true,"href":"https:\/\/fundaciograduatssocials.com\/ca\/wp-json\/wp\/v2\/users\/2"}],"replies":[{"embeddable":true,"href":"https:\/\/fundaciograduatssocials.com\/ca\/wp-json\/wp\/v2\/comments?post=3172"}],"version-history":[{"count":0,"href":"https:\/\/fundaciograduatssocials.com\/ca\/wp-json\/wp\/v2\/posts\/3172\/revisions"}],"wp:featuredmedia":[{"embeddable":true,"href":"https:\/\/fundaciograduatssocials.com\/ca\/wp-json\/wp\/v2\/media\/3027"}],"wp:attachment":[{"href":"https:\/\/fundaciograduatssocials.com\/ca\/wp-json\/wp\/v2\/media?parent=3172"}],"wp:term":[{"taxonomy":"category","embeddable":true,"href":"https:\/\/fundaciograduatssocials.com\/ca\/wp-json\/wp\/v2\/categories?post=3172"},{"taxonomy":"post_tag","embeddable":true,"href":"https:\/\/fundaciograduatssocials.com\/ca\/wp-json\/wp\/v2\/tags?post=3172"}],"curies":[{"name":"wp","href":"https:\/\/api.w.org\/{rel}","templated":true}]}}