{"id":3173,"date":"2017-04-28T12:42:51","date_gmt":"2017-04-28T12:42:51","guid":{"rendered":"https:\/\/fundaciograduatssocials.com\/2017\/04\/28\/el-conveni-de-comerc-es-el-segon-mes-important-a-les-illes\/"},"modified":"2017-04-28T12:42:51","modified_gmt":"2017-04-28T12:42:51","slug":"el-conveni-de-comerc-es-el-segon-mes-important-a-les-illes","status":"publish","type":"post","link":"https:\/\/fundaciograduatssocials.com\/ca\/2017\/04\/28\/el-conveni-de-comerc-es-el-segon-mes-important-a-les-illes\/","title":{"rendered":"EL CONVENI DE COMER\u00c7 \u00c9S EL SEGON M\u00c9S IMPORTANT A LES ILLES"},"content":{"rendered":"<p>El F\u00f2rum en Negociaci\u00f3 Col\u00b7lectiva va abordar el conveni de comer\u00e7 de la m\u00e0 d&#8217;Antonio Font, graduat social i advocat i present en la seva negociaci\u00f3. De forma molt did\u00e0ctica, Font va analitzar les modificacions i novetats introdu\u00efdes en el nou conveni del sector del comer\u00e7 de les Illes Balears. Aquest conveni, el segon m\u00e9s important a les illes, regula les condicions laborals de m\u00e9s de 40.000 treballadors.<\/p>\n<p>25 \u00a0d\u00b4abril 2017<\/p>\n","protected":false},"excerpt":{"rendered":"<p>El F\u00f2rum en Negociaci\u00f3 Col\u00b7lectiva va abordar el conveni de comer\u00e7 de la m\u00e0 d&#8217;Antonio Font, graduat social i advocat i present en la seva negociaci\u00f3. De forma molt did\u00e0ctica, Font va analitzar les modificacions i novetats introdu\u00efdes en el nou conveni del sector del comer\u00e7 de les Illes Balears. Aquest conveni, el segon m\u00e9s [&hellip;]<\/p>\n","protected":false},"author":2,"featured_media":3028,"comment_status":"open","ping_status":"open","sticky":false,"template":"","format":"standard","meta":{"footnotes":""},"categories":[20],"tags":[],"class_list":["post-3173","post","type-post","status-publish","format-standard","has-post-thumbnail","hentry","category-noticies-fundacio"],"_links":{"self":[{"href":"https:\/\/fundaciograduatssocials.com\/ca\/wp-json\/wp\/v2\/posts\/3173","targetHints":{"allow":["GET"]}}],"collection":[{"href":"https:\/\/fundaciograduatssocials.com\/ca\/wp-json\/wp\/v2\/posts"}],"about":[{"href":"https:\/\/fundaciograduatssocials.com\/ca\/wp-json\/wp\/v2\/types\/post"}],"author":[{"embeddable":true,"href":"https:\/\/fundaciograduatssocials.com\/ca\/wp-json\/wp\/v2\/users\/2"}],"replies":[{"embeddable":true,"href":"https:\/\/fundaciograduatssocials.com\/ca\/wp-json\/wp\/v2\/comments?post=3173"}],"version-history":[{"count":0,"href":"https:\/\/fundaciograduatssocials.com\/ca\/wp-json\/wp\/v2\/posts\/3173\/revisions"}],"wp:featuredmedia":[{"embeddable":true,"href":"https:\/\/fundaciograduatssocials.com\/ca\/wp-json\/wp\/v2\/media\/3028"}],"wp:attachment":[{"href":"https:\/\/fundaciograduatssocials.com\/ca\/wp-json\/wp\/v2\/media?parent=3173"}],"wp:term":[{"taxonomy":"category","embeddable":true,"href":"https:\/\/fundaciograduatssocials.com\/ca\/wp-json\/wp\/v2\/categories?post=3173"},{"taxonomy":"post_tag","embeddable":true,"href":"https:\/\/fundaciograduatssocials.com\/ca\/wp-json\/wp\/v2\/tags?post=3173"}],"curies":[{"name":"wp","href":"https:\/\/api.w.org\/{rel}","templated":true}]}}