{"id":3175,"date":"2017-04-05T18:55:03","date_gmt":"2017-04-05T18:55:03","guid":{"rendered":"https:\/\/fundaciograduatssocials.com\/2017\/04\/05\/entitats-sense-anim-de-lucre\/"},"modified":"2017-04-05T18:55:03","modified_gmt":"2017-04-05T18:55:03","slug":"entitats-sense-anim-de-lucre","status":"publish","type":"post","link":"https:\/\/fundaciograduatssocials.com\/ca\/2017\/04\/05\/entitats-sense-anim-de-lucre\/","title":{"rendered":"ENTITATS SENSE \u00c0NIM DE LUCRE"},"content":{"rendered":"<p>Fundaciones, Asociaciones, Federaciones, Confederaciones, Colegios Profesionales, Sindicatos y Partidos Pol\u00edticos constituyeron el elenco de entidades objeto de estudio en el curso impartido por\u00a0<strong>CONSULT\u00a0 Asesor\u00eda Empresarial. \u00a0<\/strong><!--more--><\/p>\n<p><img fetchpriority=\"high\" decoding=\"async\" class=\"alignnone size-medium wp-image-1622\" src=\"http:\/\/www.fundaciograduatssocials.es\/wp-content\/uploads\/2017\/04\/17798939_1898859020397654_8986617251013158175_n-300x186.jpg\" alt=\"17798939_1898859020397654_8986617251013158175_n\" width=\"300\" height=\"186\" \/><\/p>\n<p>El curso que abord\u00f3 todos los aspectos legales, fiscales y de \u00edndole administrativa que afectan a la gesti\u00f3n diaria de estas entidades, \u00a0destac\u00f3 por la minuciosa exposici\u00f3n de contenidos.<\/p>\n<p>5 de abril de 2017<\/p>\n","protected":false},"excerpt":{"rendered":"<p>Fundaciones, Asociaciones, Federaciones, Confederaciones, Colegios Profesionales, Sindicatos y Partidos Pol\u00edticos constituyeron el elenco de entidades objeto de estudio en el curso impartido por\u00a0CONSULT\u00a0 Asesor\u00eda Empresarial. \u00a0<\/p>\n","protected":false},"author":2,"featured_media":3030,"comment_status":"open","ping_status":"open","sticky":false,"template":"","format":"standard","meta":{"footnotes":""},"categories":[20],"tags":[],"class_list":["post-3175","post","type-post","status-publish","format-standard","has-post-thumbnail","hentry","category-noticies-fundacio"],"_links":{"self":[{"href":"https:\/\/fundaciograduatssocials.com\/ca\/wp-json\/wp\/v2\/posts\/3175","targetHints":{"allow":["GET"]}}],"collection":[{"href":"https:\/\/fundaciograduatssocials.com\/ca\/wp-json\/wp\/v2\/posts"}],"about":[{"href":"https:\/\/fundaciograduatssocials.com\/ca\/wp-json\/wp\/v2\/types\/post"}],"author":[{"embeddable":true,"href":"https:\/\/fundaciograduatssocials.com\/ca\/wp-json\/wp\/v2\/users\/2"}],"replies":[{"embeddable":true,"href":"https:\/\/fundaciograduatssocials.com\/ca\/wp-json\/wp\/v2\/comments?post=3175"}],"version-history":[{"count":0,"href":"https:\/\/fundaciograduatssocials.com\/ca\/wp-json\/wp\/v2\/posts\/3175\/revisions"}],"wp:featuredmedia":[{"embeddable":true,"href":"https:\/\/fundaciograduatssocials.com\/ca\/wp-json\/wp\/v2\/media\/3030"}],"wp:attachment":[{"href":"https:\/\/fundaciograduatssocials.com\/ca\/wp-json\/wp\/v2\/media?parent=3175"}],"wp:term":[{"taxonomy":"category","embeddable":true,"href":"https:\/\/fundaciograduatssocials.com\/ca\/wp-json\/wp\/v2\/categories?post=3175"},{"taxonomy":"post_tag","embeddable":true,"href":"https:\/\/fundaciograduatssocials.com\/ca\/wp-json\/wp\/v2\/tags?post=3175"}],"curies":[{"name":"wp","href":"https:\/\/api.w.org\/{rel}","templated":true}]}}