{"id":3178,"date":"2017-03-22T19:01:56","date_gmt":"2017-03-22T19:01:56","guid":{"rendered":"https:\/\/fundaciograduatssocials.com\/2017\/03\/22\/com-actuen-els-hackers-i-quines-consequencies-poden-tenir-un-atac-a-la-pyme\/"},"modified":"2017-03-22T19:01:56","modified_gmt":"2017-03-22T19:01:56","slug":"com-actuen-els-hackers-i-quines-consequencies-poden-tenir-un-atac-a-la-pyme","status":"publish","type":"post","link":"https:\/\/fundaciograduatssocials.com\/ca\/2017\/03\/22\/com-actuen-els-hackers-i-quines-consequencies-poden-tenir-un-atac-a-la-pyme\/","title":{"rendered":"Com actuen els hackers i quines conseq\u00fc\u00e8ncies poden tenir un atac a la PYME"},"content":{"rendered":"<p>Tema d&#8217;inter\u00e8s general i gran actualitat va ser el abordat per Xavier Ferretjans, m\u00e0nager de Seguretat de la Informaci\u00f3 (CISM). La confer\u00e8ncia que va versar sobre la ciberseguretat aplicada a la petita i mitjana empresa va ser presentada per Emilia Goyanes, vicepresidenta de la Fundaci\u00f3 Graduats Socials costat d&#8217;Abraham Parrona representant a BINAURA Consultors SL.<br \/>\n21-02-2017<\/p>\n","protected":false},"excerpt":{"rendered":"<p>Tema d&#8217;inter\u00e8s general i gran actualitat va ser el abordat per Xavier Ferretjans, m\u00e0nager de Seguretat de la Informaci\u00f3 (CISM). La confer\u00e8ncia que va versar sobre la ciberseguretat aplicada a la petita i mitjana empresa va ser presentada per Emilia Goyanes, vicepresidenta de la Fundaci\u00f3 Graduats Socials costat d&#8217;Abraham Parrona representant a BINAURA Consultors SL. [&hellip;]<\/p>\n","protected":false},"author":2,"featured_media":3033,"comment_status":"open","ping_status":"open","sticky":false,"template":"","format":"standard","meta":{"footnotes":""},"categories":[20],"tags":[],"class_list":["post-3178","post","type-post","status-publish","format-standard","has-post-thumbnail","hentry","category-noticies-fundacio"],"_links":{"self":[{"href":"https:\/\/fundaciograduatssocials.com\/ca\/wp-json\/wp\/v2\/posts\/3178","targetHints":{"allow":["GET"]}}],"collection":[{"href":"https:\/\/fundaciograduatssocials.com\/ca\/wp-json\/wp\/v2\/posts"}],"about":[{"href":"https:\/\/fundaciograduatssocials.com\/ca\/wp-json\/wp\/v2\/types\/post"}],"author":[{"embeddable":true,"href":"https:\/\/fundaciograduatssocials.com\/ca\/wp-json\/wp\/v2\/users\/2"}],"replies":[{"embeddable":true,"href":"https:\/\/fundaciograduatssocials.com\/ca\/wp-json\/wp\/v2\/comments?post=3178"}],"version-history":[{"count":0,"href":"https:\/\/fundaciograduatssocials.com\/ca\/wp-json\/wp\/v2\/posts\/3178\/revisions"}],"wp:featuredmedia":[{"embeddable":true,"href":"https:\/\/fundaciograduatssocials.com\/ca\/wp-json\/wp\/v2\/media\/3033"}],"wp:attachment":[{"href":"https:\/\/fundaciograduatssocials.com\/ca\/wp-json\/wp\/v2\/media?parent=3178"}],"wp:term":[{"taxonomy":"category","embeddable":true,"href":"https:\/\/fundaciograduatssocials.com\/ca\/wp-json\/wp\/v2\/categories?post=3178"},{"taxonomy":"post_tag","embeddable":true,"href":"https:\/\/fundaciograduatssocials.com\/ca\/wp-json\/wp\/v2\/tags?post=3178"}],"curies":[{"name":"wp","href":"https:\/\/api.w.org\/{rel}","templated":true}]}}